{"id":11099,"date":"2016-07-16T02:41:58","date_gmt":"2016-07-16T02:41:58","guid":{"rendered":"http:\/\/lorenalupu.com\/blog\/?p=11099"},"modified":"2016-07-16T03:11:26","modified_gmt":"2016-07-16T03:11:26","slug":"ce-s-a-intamplat-de-fapt-in-turcia","status":"publish","type":"post","link":"https:\/\/lorenalupu.com\/blog\/ce-s-a-intamplat-de-fapt-in-turcia\/","title":{"rendered":"Ce s-a \u00eent\u00e2mplat de fapt \u00een Turcia?"},"content":{"rendered":"<p>Noaptea trecut\u0103 a fost una alb\u0103 pentru oameni lucizi \u00een be\u0163ia lor, \u015fi neagr\u0103 pentru democra\u0163ie. Eu o voi rezuma scurt, pentru c\u0103 am o alergie la vorba lung\u0103, s\u0103r\u0103cia omului. <\/p>\n<p>Armata turc\u0103 nu este (dar dac\u0103 lovitura de stat e\u015fueaz\u0103, e posibil s\u0103 devin\u0103), subordonat\u0103 pre\u015fedintelui \u00een func\u0163ie \u015fi politicii acestuia. Ei au misiunea de a servi viziunea fondatorului statului modern turc, Mustafa Kemal Atat\u00fcrk, care a visat un stat democratic, independent, laic. <\/p>\n<p>Pre\u015fedintele turc, Recep Tayyip Erdo\u011fan, a impus o politic\u0103 din ce \u00een ce mai radical islamist\u0103 \u015fi autoritarist\u0103, marcat\u0103 prin control accentuat asupra presei, opresiunea minorit\u0103\u0163ii kurde, presupus\u0103 fraud\u0103 electoral\u0103, intimidarea Cur\u0163ii Constitu\u0163ionale, atac la drepturile femeilor, ca s\u0103 numesc doar c\u00e2teva, nemaivorbind despre readaptarea unor tradi\u0163ii din eticheta otoman\u0103 veche, care i-au adus porecla Sultanul. \u015ei nu \u00een sensul bun al cuv\u00e2ntului. La asta se adaug\u0103 faptul c\u0103, se zice, a sus\u0163inut formarea ISIS, p\u00e2n\u0103 c\u00e2nd gruparea terorist\u0103 a crescut suficient \u00eenc\u00e2t s\u0103-i alunece printre dege\u0163ele. De asemenea, era de \u00een\u0163eles c\u0103 un control freak o s\u0103 atenteze la sus-povestita independen\u0163\u0103 a armatei, cu concedieri \u015fi retrograd\u0103ri pe motive imaginare. <\/p>\n<p>Era evident c\u0103 acest lucru contrazicea viziunea lui Atat\u00fcrk. <\/p>\n<p>Armata turc\u0103 are un istoric al loviturilor de stat cu care \u015fi-a trimis la plimbare pre\u015fedin\u0163ii deraia\u0163i de pe \u015fine, dar asta ar face subiectul altui articol. Articol pe care o s\u0103-l citi\u0163i aici, \u00een revista TIME, pres\u0103 quality. <a href=\"http:\/\/time.com\/4408850\/turkey-coup-history\/\">Iaca<\/a>. <\/p>\n<p>Av\u00e2nd \u00een vedere halul de degringolad\u0103 \u00een care a ajuns a) pre\u015fedin\u0163ia lui Erdo\u011fan b) islamismul radical \u00een lume, armata a zis s\u0103 fac\u0103 ordine. A somat civilii s\u0103 stea \u00een case, \u00een siguran\u0163\u0103, a ocupat podurile, aeroportul, televiziunea na\u0163ional\u0103 \u015fi, aparent, a preluat controlul \u00eentr-un mod relativ pa\u015fnic asupra \u0163\u0103rii.<br \/>\nNumai c\u0103 Erdo\u011fan, ca <a href=\"http:\/\/lorenalupu.com\/blog\/musulmanii-ca-o-femeie-cu-sot-violent\/\">so\u0163ul be\u0163iv din povestea mea de ieri<\/a>, nu avea chef s\u0103 renun\u0163e la proprietatea lui at\u00e2t de u\u015for. A\u015fa c\u0103 a pus popula\u0163ia s\u0103 ias\u0103 pe str\u0103zi \u015fi s\u0103 se lupte cu militarii. \u015ei poli\u0163ia. Pentru c\u0103 poli\u0163i\u015ftii din toat\u0103 lumea sunt similari \u00een cretin\u0103tatea lor infinit\u0103.<br \/>\n\u00cen timp ce popula\u0163ia pro-armat\u0103 twitterea de zor c\u0103 sus\u0163ine &#8220;the coup&#8221; \u015fi c\u0103 e important pentru democra\u0163ie, principalii ie\u015fi\u0163i \u00een drum au fost musulmanii radicali ai lui Erdo.<br \/>\nC\u0103 \u0103ia, am stabilit deja, nu au respect pentru vie\u0163ile altora \u015fi nici pentru a lor.<br \/>\nAmuzant: \u00een timp ce Erdo trimitea civilii la b\u0103taie, el \u00eensu\u015fi se d\u0103dea cu avionul pe deasupra \u00eentregii Europe, c\u0103ut\u00e2nd azil politic pe care i l-au refuzat \u015fi Germania, \u015fi proasp\u0103t brexitata Anglie. \u015ei, zic unii, \u015fi Teheranul. <\/p>\n<p>\u00centre timp, situa\u0163ia \u00een \u0163ar\u0103 s-a calmat, pe motive simple. Armata turc\u0103 nu e o adun\u0103tur\u0103 de terori\u015fti cretini, nu vrea s\u0103 m\u0103cel\u0103reasc\u0103 popula\u0163ie. Nu a trecut f\u0103r\u0103 ezitare cu tancul peste istericii care se l\u0103f\u0103iau pe jos \u00een fa\u0163a lor. Vorbim de valori democratice. A bombardat \u015fi a tras focuri strict peste obiective militare, plus Parlament, c\u0103 acolo colc\u0103iau c\u0103pu\u015fele lui Erdo. \u00cen fa\u0163a civililor, a cedat pur \u015fi simplu. Aveau tancuri \u015fi arme. I-ar fi putut rade ca pe spice. N-au f\u0103cut-o. <\/p>\n<p>A fost momentul c\u00e2nd opinia public\u0103 interna\u0163ional\u0103 a \u00eentors spatele &#8220;coup&#8221;-ului. De unde SUA anun\u0163a ieri pe sear\u0103 c\u0103 era &#8220;well aware&#8221; &#8211; a se citi implicat\u0103 pozitiv &#8211; \u00een conflict \u015fi c\u0103 a\u015ftepta nout\u0103\u0163i, pe la dou\u0103 a emis recomandarea s\u0103 sus\u0163in\u0103 toat\u0103 lumea guvernul turc. Cum e turcul (vorba vine) \u015fi pistolul. La scurt timp, \u015fi secretarul general NATO Jens Stoltenberg a zis la fel. \u015ei la fel \u015fi restul Europei. <\/p>\n<p>Bun, c\u00e2nd Erdo a v\u0103zut c\u0103 to\u0163i cei care nu-i deschiseser\u0103 u\u015fa se declar\u0103 formal de partea lui, \u015fi c\u0103 armata ceda \u00een fa\u0163a civililor, s-a dat jos din avion, a \u0163inut un speech glorios de \u00eenving\u0103tor, de zici c\u0103 luptase \u00een linia \u00eent\u00e2i, \u015fi aparent, cam asta a fost. Cel pu\u0163in p\u00e2n\u0103 la ora 5 diminea\u0163a, c\u00e2t am stat eu cu ochii pe agenturili str\u0103ine. <\/p>\n<p>Ce va fi de acum \u00eencolo? Fie for\u0163ele democratice aprind lumina \u015fi se organizeaz\u0103 mai bine, fie Erdo va folosi acest display de la\u015fitate interna\u0163ional\u0103 s\u0103-\u015fi impun\u0103 \u015fi mai cr\u00e2ncen politica islamist &#8211; autoritarist\u0103. \u015ei, bine\u00een\u0163eles, va vida armata de orice urm\u0103 de independen\u0163\u0103, vulnerabiliz\u00e2nd-o \u00een fa\u0163a terorismului. <\/p>\n<p>The Unhappy End. <\/p>\n<p>Foto: Sedat Suna, EPA. <\/p>\n","protected":false},"excerpt":{"rendered":"<p>Noaptea trecut\u0103 a fost una alb\u0103 pentru oameni lucizi \u00een be\u0163ia lor, \u015fi neagr\u0103 pentru democra\u0163ie. Eu o voi rezuma scurt, pentru c\u0103 am&#46;&#46;&#46;<\/p>\n","protected":false},"author":2,"featured_media":11100,"comment_status":"open","ping_status":"open","sticky":false,"template":"","format":"standard","meta":{"jetpack_post_was_ever_published":false,"_jetpack_newsletter_access":"","_jetpack_dont_email_post_to_subs":false,"_jetpack_newsletter_tier_id":0,"_jetpack_memberships_contains_paywalled_content":false,"_jetpack_memberships_contains_paid_content":false,"footnotes":"","jetpack_publicize_message":"","jetpack_publicize_feature_enabled":true,"jetpack_social_post_already_shared":true,"jetpack_social_options":{"image_generator_settings":{"template":"highway","default_image_id":0,"font":"","enabled":false},"version":2}},"categories":[1],"tags":[],"class_list":["post-11099","post","type-post","status-publish","format-standard","has-post-thumbnail","hentry","category-spicy"],"jetpack_publicize_connections":[],"jetpack_featured_media_url":"https:\/\/i0.wp.com\/lorenalupu.com\/blog\/wp-content\/uploads\/2016\/07\/coup_turkey.jpg?fit=1500%2C1000&ssl=1","jetpack_sharing_enabled":true,"jetpack_likes_enabled":true,"_links":{"self":[{"href":"https:\/\/lorenalupu.com\/blog\/wp-json\/wp\/v2\/posts\/11099","targetHints":{"allow":["GET"]}}],"collection":[{"href":"https:\/\/lorenalupu.com\/blog\/wp-json\/wp\/v2\/posts"}],"about":[{"href":"https:\/\/lorenalupu.com\/blog\/wp-json\/wp\/v2\/types\/post"}],"author":[{"embeddable":true,"href":"https:\/\/lorenalupu.com\/blog\/wp-json\/wp\/v2\/users\/2"}],"replies":[{"embeddable":true,"href":"https:\/\/lorenalupu.com\/blog\/wp-json\/wp\/v2\/comments?post=11099"}],"version-history":[{"count":4,"href":"https:\/\/lorenalupu.com\/blog\/wp-json\/wp\/v2\/posts\/11099\/revisions"}],"predecessor-version":[{"id":11104,"href":"https:\/\/lorenalupu.com\/blog\/wp-json\/wp\/v2\/posts\/11099\/revisions\/11104"}],"wp:featuredmedia":[{"embeddable":true,"href":"https:\/\/lorenalupu.com\/blog\/wp-json\/wp\/v2\/media\/11100"}],"wp:attachment":[{"href":"https:\/\/lorenalupu.com\/blog\/wp-json\/wp\/v2\/media?parent=11099"}],"wp:term":[{"taxonomy":"category","embeddable":true,"href":"https:\/\/lorenalupu.com\/blog\/wp-json\/wp\/v2\/categories?post=11099"},{"taxonomy":"post_tag","embeddable":true,"href":"https:\/\/lorenalupu.com\/blog\/wp-json\/wp\/v2\/tags?post=11099"}],"curies":[{"name":"wp","href":"https:\/\/api.w.org\/{rel}","templated":true}]}}