{"id":14440,"date":"2018-03-03T13:26:43","date_gmt":"2018-03-03T10:26:43","guid":{"rendered":"http:\/\/lorenalupu.com\/blog\/?p=14440"},"modified":"2018-03-03T13:28:20","modified_gmt":"2018-03-03T10:28:20","slug":"ok-ok-am-inteles-radulescu-a-imbatranit-si","status":"publish","type":"post","link":"https:\/\/lorenalupu.com\/blog\/ok-ok-am-inteles-radulescu-a-imbatranit-si\/","title":{"rendered":"OK, OK, am \u00een\u0163eles, R\u0103dulescu a \u00eemb\u0103tr\u00e2nit. \u015ei?"},"content":{"rendered":"<p>Ieri, din c\u00e2te am \u00een\u0163eles, a \u00eenceput noul sezon de Rom\u00e2nii au mame eroine, \u015fapte fra\u0163i acas\u0103, boli incurabile \u015fi ta\u0163i violen\u0163i care i-au b\u0103tut cu cureaua \u00een copil\u0103rie. Parc\u0103 a\u015fa se nume\u015fte emisiunea. Un reality show \u00een care participan\u0163ii \u00ee\u015fi compar\u0103 dramele \u015fi care o are mai mare, c\u00e2\u015ftig\u0103 un purcoi de b\u0103net.\u00a0 Sau a\u015fa ceva.<\/p>\n<p>\u015ei subit, feedul meu de Facebook a \u00eenceput s\u0103 arate a\u015fa:<\/p>\n<p>Dorela M\u00e2nz: S\u0103-i zic\u0103 cineva R\u0103duleasc\u0103i s\u0103-\u015fi adune fa\u0163a de pe jos.<\/p>\n<p>Aurica Viezure: Am g\u0103sit o m\u0103tur\u0103 \u00een plus \u00een c\u0103mar\u0103. Nu \u015ftiam de unde e, dar v\u0103d c\u0103 R\u0103duleasca a ajuns la emisiune f\u0103r\u0103.<\/p>\n<p>Elefteriu Br\u00e2nz\u0103: Mihaela, au sunat \u0103ia de la Expo Plast. Vor s\u0103 te expun\u0103 la urm\u0103toarea edi\u0163ie a t\u00e2rgului.<\/p>\n<p>N-am \u00een\u0163eles nimic, prin reflec\u0163ia acestei oglinzi a societ\u0103\u0163ii care e Facebook \u00een zilele noastre, dec\u00e2t c\u0103 Mihaela a fost \u015fi ea atins\u0103 un pic de patina timpului.<\/p>\n<p>OK, \u015fi?<\/p>\n<p>S-a l\u0103udat femeia pe undeva c\u0103 e de\u0163in\u0103toarea tinere\u0163ii ve\u015fnice?<\/p>\n<p>Fuck no.<\/p>\n<p>E cumva singura din univers care e supus\u0103 procesului natural de \u00eemb\u0103tr\u00e2nire?<\/p>\n<p>Fuck no.<\/p>\n<p>Crede\u0163i c\u0103, la aproape 50 de ani, c\u00e2t are femeia \u00een prezent, v\u0103 ve\u0163i prezenta mai glorios?<\/p>\n<p>M\u0103 \u00eendoiesc. Mult\u0103 baft\u0103 dac\u0103 v-a\u0163i propus asta. Probabil, dac\u0103 renun\u0163a\u0163i la tot alcoolul, toate dulciurile \u015fi toate gr\u0103simile universului, \u015fi b\u0103ga\u0163i program de milit\u0103rie, v\u0103 iese. Dar cu pre\u0163ul unei vie\u0163i de c\u00e2ine. V\u0103 b\u0103ga\u0163i la un efort \u015fi o disciplin\u0103 supraumane, strict pentru looks, c\u00e2nd \u015fti\u0163i c\u0103 ave\u0163i o singur\u0103 via\u0163\u0103 \u015fi de la 50 \u00een sus oricum nu mai e cine \u015ftie ce distractiv?<\/p>\n<p>\u00cemb\u0103tr\u00e2nirea NU e o boal\u0103. NU e o ru\u015fine. NU e un flagel. E o etap\u0103 natural\u0103 a vie\u0163ii, prin care o s\u0103 trecem to\u0163i de la un punct \u00eencolo. \u015ei dac\u0103 tu faci mi\u015fto pe Facebook de b\u0103tr\u00e2ne\u0163ea cuiva, cineva cap\u0103t\u0103 karmic dreptul s\u0103 fac\u0103 mi\u015fto de b\u0103tr\u00e2ne\u0163ea maic\u0103-tii.<\/p>\n<p>&#8220;Totul p\u00e2n\u0103 la mama!&#8221;<\/p>\n<p>OK. \u015ei Mihaela e mama cuiva.<\/p>\n<p>Aminti\u0163i-v\u0103 cum, acum zece ani, femeile trecute de 40 de ani erau deja considerate rebuturi \u015fi refuzate pe la joburi, de\u015fi, prin experien\u0163\u0103, disponibilitate de munc\u0103 \u015fi lipsa vanit\u0103\u0163ii inutile care le \u0163ine pe cele tinere mult \u00een fa\u0163a oglinzii \u015fi pe la petreceri de rahat, aveau mult mai mult de oferit.<\/p>\n<p>Era bine c\u00e2nd maic\u0103-ta r\u0103mas\u0103 \u015fomer\u0103 \u00een urma falimentului unui gigant comunist b\u0103tea din poart\u0103 \u00een poart\u0103 s\u0103 caute de lucru \u015fi n-o lua nimeni, c\u0103 trecuse de 40? Nu. Era \u00eengrozitor. Pentru c\u0103, la un moment dat, to\u0163i facem 40. \u015etiu, e trist, e de neconceput, e un afront la adresa tinere\u0163ii noastre f\u0103r\u0103 b\u0103tr\u00e2ne\u0163e \u015fi a vie\u0163ii f\u0103r\u0103 de moarte, dar timpul nu st\u0103 \u00een loc pentru nimeni.<\/p>\n<p>Vrei s\u0103 te bucuri de respectul aferent lucrurilor pe care \u015ftii s\u0103 le faci \u015fi la v\u00e2rsta aia? OK. \u00cencepe prin a nu umili oameni strict pe baza v\u00e2rstei.<\/p>\n<p>F\u0103 mi\u015fto de presta\u0163ia lor. Dac\u0103 e cazul. F\u0103 mi\u015fto de b\u00e2lbele lor. Dac\u0103 e cazul. F\u0103 mi\u015fto de neprofesionalismul lor. Dac\u0103 e cazul. Chiar eu am f\u0103cut la mi\u015ftouri de accesele de vedetism ale Mihaelei, de mi-a obosit tastatura. C\u00e2nd a fost cazul.<\/p>\n<p>Dar, ieri sear\u0103, n-am citit nici un status de aceast\u0103 natur\u0103, legat de Mihaela. De unde deduc c\u0103 femeia a fost coerent\u0103 \u015fi cu cuvintele la ea. Adic\u0103, exact ce trebuie \u00eentr-o emisiune TV.<\/p>\n<p>Am aflat doar, obositor de redundant, c\u0103 a \u00eemb\u0103tr\u00e2nit.<\/p>\n<p>A\u015fa, \u015fi? Ce caut\u0103 autorul s\u0103 comunice cu aceast\u0103 constatare?<\/p>\n<p>C\u0103 n-ar mai fute-o? E ok, oricum nu era p\u0103scut de acest pericol nici \u00eenainte. M\u0103car s-a reglat problema de la sine.<\/p>\n<p>\u015ei chiar am c\u0103utat-o \u00een diminea\u0163a asta pe Mihaela pe Google, s\u0103 v\u0103d care e faza. \u015ei c\u00e2t de sinistru e dezastrul. M\u0103 a\u015fteptam cel pu\u0163in la baba cloan\u0163a cotoroan\u0163a din desene animate.<\/p>\n<p>Am dat de o doamn\u0103 matur\u0103, de o frumuse\u0163e specific\u0103 v\u00e2rstei. Singurul lucru penibil din situa\u0163ia asta mi se pare preten\u0163ia unora ca o femeie de 50 de ani s\u0103 arate ca una de 20.<\/p>\n<p>Lua\u0163i o carte de anatomie, de gimnaziu. Unii chiar ave\u0163i nevoie. Deschide\u0163i la capitolul \u0103la cu v\u00e2rstele omului. Lectura\u0163i cu aten\u0163ie. \u015ei \u00eenceta\u0163i s\u0103 v\u0103 mai mira\u0163i de lucruri normale.<\/p>\n<p>&nbsp;<\/p>\n<p>&nbsp;<\/p>\n<p>&nbsp;<\/p>\n<p>&nbsp;<\/p>\n","protected":false},"excerpt":{"rendered":"<p>Ieri, din c\u00e2te am \u00een\u0163eles, a \u00eenceput noul sezon de Rom\u00e2nii au mame eroine, \u015fapte fra\u0163i acas\u0103, boli incurabile \u015fi ta\u0163i violen\u0163i care i-au&#46;&#46;&#46;<\/p>\n","protected":false},"author":2,"featured_media":14442,"comment_status":"open","ping_status":"open","sticky":false,"template":"","format":"standard","meta":{"jetpack_post_was_ever_published":false,"_jetpack_newsletter_access":"","_jetpack_dont_email_post_to_subs":false,"_jetpack_newsletter_tier_id":0,"_jetpack_memberships_contains_paywalled_content":false,"_jetpack_memberships_contains_paid_content":false,"footnotes":"","jetpack_publicize_message":"","jetpack_publicize_feature_enabled":true,"jetpack_social_post_already_shared":true,"jetpack_social_options":{"image_generator_settings":{"template":"highway","default_image_id":0,"font":"","enabled":false},"version":2}},"categories":[1],"tags":[],"class_list":["post-14440","post","type-post","status-publish","format-standard","has-post-thumbnail","hentry","category-spicy"],"jetpack_publicize_connections":[],"jetpack_featured_media_url":"https:\/\/i0.wp.com\/lorenalupu.com\/blog\/wp-content\/uploads\/2018\/03\/mihaela-radulescu.jpg?fit=551%2C432&ssl=1","jetpack_sharing_enabled":true,"jetpack_likes_enabled":true,"_links":{"self":[{"href":"https:\/\/lorenalupu.com\/blog\/wp-json\/wp\/v2\/posts\/14440","targetHints":{"allow":["GET"]}}],"collection":[{"href":"https:\/\/lorenalupu.com\/blog\/wp-json\/wp\/v2\/posts"}],"about":[{"href":"https:\/\/lorenalupu.com\/blog\/wp-json\/wp\/v2\/types\/post"}],"author":[{"embeddable":true,"href":"https:\/\/lorenalupu.com\/blog\/wp-json\/wp\/v2\/users\/2"}],"replies":[{"embeddable":true,"href":"https:\/\/lorenalupu.com\/blog\/wp-json\/wp\/v2\/comments?post=14440"}],"version-history":[{"count":3,"href":"https:\/\/lorenalupu.com\/blog\/wp-json\/wp\/v2\/posts\/14440\/revisions"}],"predecessor-version":[{"id":14445,"href":"https:\/\/lorenalupu.com\/blog\/wp-json\/wp\/v2\/posts\/14440\/revisions\/14445"}],"wp:featuredmedia":[{"embeddable":true,"href":"https:\/\/lorenalupu.com\/blog\/wp-json\/wp\/v2\/media\/14442"}],"wp:attachment":[{"href":"https:\/\/lorenalupu.com\/blog\/wp-json\/wp\/v2\/media?parent=14440"}],"wp:term":[{"taxonomy":"category","embeddable":true,"href":"https:\/\/lorenalupu.com\/blog\/wp-json\/wp\/v2\/categories?post=14440"},{"taxonomy":"post_tag","embeddable":true,"href":"https:\/\/lorenalupu.com\/blog\/wp-json\/wp\/v2\/tags?post=14440"}],"curies":[{"name":"wp","href":"https:\/\/api.w.org\/{rel}","templated":true}]}}