{"id":17686,"date":"2019-06-07T17:54:35","date_gmt":"2019-06-07T14:54:35","guid":{"rendered":"https:\/\/lorenalupu.com\/blog\/?p=17686"},"modified":"2019-06-07T18:06:10","modified_gmt":"2019-06-07T15:06:10","slug":"piesa-zilei-in-tara-n-care-m-am-nascut","status":"publish","type":"post","link":"https:\/\/lorenalupu.com\/blog\/piesa-zilei-in-tara-n-care-m-am-nascut\/","title":{"rendered":"Piesa zilei: \u00cen \u021bara-n care m-am n\u0103scut"},"content":{"rendered":"<p>Salut, popor.<\/p>\n<p>Fata cu piesele, Andreea, e la mare \u0219i mi se vaiet\u0103 c\u0103 are netul prost, a\u0219a c\u0103 pe azi \u0219i m\u00e2ine v\u0103 pun eu muzic\u0103. Spre nefericirea haterilor care nu vor mai putea detesta \u00een lini\u0219te piesele ei \u0219i se vor vedea sili\u021bi s\u0103-\u0219i ia perpulisul de rigoare direct de la mama limbajului buruienos.<\/p>\n<p>Mbun. Azi v\u0103 voi pune o pies\u0103 lansat\u0103 de Vama anul trecut, despre care n-am apucat s\u0103 scriu c\u0103 m-am luat mereu cu altele. E un cover dup\u0103 Jean Moscopol, \u0219i se intituleaz\u0103 &#8220;\u00cen \u0163ara-n care m-am n\u0103scut&#8221;.<\/p>\n<p>Venind din partea oricui altcuiva dec\u00e2t Chiril\u0103, cel at\u00e2t de vocal \u015fi implicat \u00een protestele \u00eempotriva corup\u0163iei \u015fi incompeten\u0163ei, piesa asta ar fi fost o penibiliciune nesf\u00e2r\u015fit\u0103 cu exces de sirop. Dar, la c\u00e2te reportaje ad-hoc a filmat la proteste \u015fi la c\u00e2\u0163i bani a pierdut de la diverse prim\u0103rii \u015fi consilii locale cu asta, Chiril\u0103 \u015fi-a adjudecat dreptul s\u0103 c\u00e2nte c\u00e2te piese patriotice doldora de sensibilitate vrea ciocule\u0163ul lui.<\/p>\n<p>Acestea fiind introduse \u00een tem\u0103, s\u0103 ascult\u0103m piesa.<\/p>\n<div class=\"video-container\"><span class=\"embed-youtube\" style=\"text-align:center; display: block;\"><iframe loading=\"lazy\" class=\"youtube-player\" width=\"700\" height=\"394\" src=\"https:\/\/www.youtube.com\/embed\/gjUrqPPTV9A?version=3&#038;rel=1&#038;showsearch=0&#038;showinfo=1&#038;iv_load_policy=1&#038;fs=1&#038;hl=en-US&#038;autohide=2&#038;wmode=transparent\" allowfullscreen=\"true\" style=\"border:0;\" sandbox=\"allow-scripts allow-same-origin allow-popups allow-presentation allow-popups-to-escape-sandbox\"><\/iframe><\/span><\/div>\n<p>&nbsp;<\/p>\n<p>E de precizat c\u0103 originalul lui Jean Moscopol, e de un dramatism \u015fi de o for\u0163\u0103 pe care interpre\u0163ii de roman\u0163e interbelici n-o afi\u015fau aproape niciodat\u0103. Era s\u0103 scriu c\u0103 n-o aveau, dar realitatea e c\u0103 nu \u015ftii ce are un om \u015fi ce nu, p\u00e2n\u0103 nu verifici.<\/p>\n<p>\u00cempotrivindu-se comunismului care s-a \u00eensc\u0103unat \u00een \u0163ar\u0103 dup\u0103 al doilea r\u0103zboi mondial, Jean Moscopol a fost ajutat de prieteni s-o tireze \u00een str\u0103in\u0103tate, iar cenzura comunist\u0103 l-a trecut prompt pe index, c\u0103ut\u00e2nd s\u0103-i extirpe amintirea. N-a izbutit s-o fac\u0103 complet, pentru c\u0103 toate bunicu\u0163ele aveau vinilurile cu Vrei s\u0103 ne-nt\u00e2lnim s\u00e2mb\u0103t\u0103 seara \u015fi cu M\u00e2n\u0103, birjar!, \u015fi genul \u0103la de popularitate venit\u0103 din iubirea pur\u0103 a maselor e imposibil de \u015fters cu ordine de la secretarul de partid.<\/p>\n<p>Piesele \u00eempotriva comunismului, desigur, n-au ajuns la celebritatea roman\u0163elor, dar \u00eel calific\u0103 pe Moscopol ca unul dintre cei mai valoro\u015fi satiri\u015fti muzicali rom\u00e2ni.<\/p>\n<p>OK.<\/p>\n<p>Vama a evitat capcana evident\u0103, \u015fi anume aceea de a recrea sonorit\u0103\u0163i vintage. Chiril\u0103 are propriul lui falsetto extrem de expresiv \u015fi de flamboaiant,\u00a0 dar totodat\u0103 100% contemporan, \u015fi a ales deliberat s\u0103 se joace cu propriile juc\u0103rii. \u015ei trebuie s\u0103 recunoa\u015ftem c\u0103 trecerea brusc\u0103 la belting rock din refren e de mare efect.<\/p>\n<p>A ie\u015fit o balad\u0103 patriotic\u0103 actualizat\u0103 ca ton, inten\u0163ie, melodie, \u015fi care vorbe\u015fte la fel de mult despre lupta lui Chiril\u0103 din to\u0163i ace\u015fti ani cu \u015fleahta lui Dragnea, cum vorbea originalul despre modul \u00een care comunismul proasp\u0103t \u00eensc\u0103unat dup\u0103 23 august \u00eei ron\u0163\u0103ia nervii \u00eentr-un mare mod lui Jean Moscopol.<\/p>\n<p>E frumos s\u0103 creezi \u015fi s\u0103 produci art\u0103 ca manifest politico-social, f\u0103r\u0103 s\u0103 compromi\u0163i valoarea artistic\u0103.<\/p>\n<p>&nbsp;<\/p>\n<p>***<\/p>\n<p>\u00ce\u0163i plac textele Trollywood? Po\u0163i sus\u0163ine \u015fi tu proiectul.<\/p>\n<p><a href=\"http:\/\/paypal.me\/Trollywood\"><img data-recalc-dims=\"1\" loading=\"lazy\" decoding=\"async\" class=\"alignnone size-medium wp-image-14577\" src=\"https:\/\/i0.wp.com\/lorenalupu.com\/blog\/wp-content\/uploads\/2018\/03\/cafea-300x300.jpg?resize=300%2C300\" alt=\"\" width=\"300\" height=\"300\" srcset=\"https:\/\/i0.wp.com\/lorenalupu.com\/blog\/wp-content\/uploads\/2018\/03\/cafea.jpg?resize=300%2C300&amp;ssl=1 300w, https:\/\/i0.wp.com\/lorenalupu.com\/blog\/wp-content\/uploads\/2018\/03\/cafea.jpg?resize=150%2C150&amp;ssl=1 150w, https:\/\/i0.wp.com\/lorenalupu.com\/blog\/wp-content\/uploads\/2018\/03\/cafea.jpg?resize=768%2C768&amp;ssl=1 768w, https:\/\/i0.wp.com\/lorenalupu.com\/blog\/wp-content\/uploads\/2018\/03\/cafea.jpg?resize=160%2C160&amp;ssl=1 160w, https:\/\/i0.wp.com\/lorenalupu.com\/blog\/wp-content\/uploads\/2018\/03\/cafea.jpg?resize=320%2C320&amp;ssl=1 320w, https:\/\/i0.wp.com\/lorenalupu.com\/blog\/wp-content\/uploads\/2018\/03\/cafea.jpg?resize=184%2C184&amp;ssl=1 184w, https:\/\/i0.wp.com\/lorenalupu.com\/blog\/wp-content\/uploads\/2018\/03\/cafea.jpg?resize=600%2C600&amp;ssl=1 600w, https:\/\/i0.wp.com\/lorenalupu.com\/blog\/wp-content\/uploads\/2018\/03\/cafea.jpg?resize=100%2C100&amp;ssl=1 100w, https:\/\/i0.wp.com\/lorenalupu.com\/blog\/wp-content\/uploads\/2018\/03\/cafea.jpg?w=931&amp;ssl=1 931w\" sizes=\"auto, (max-width: 300px) 100vw, 300px\" \/><\/a><\/p>\n<p>***<\/p>\n<p>Vrei s\u0103 m\u0103 urm\u0103re\u015fti \u00een social media? \u00cemi po\u0163i da like pe <a href=\"https:\/\/www.facebook.com\/lorenaalmighty\/\"><strong>Facebook<\/strong><\/a>, follow pe <strong><a href=\"https:\/\/twitter.com\/lorenalupu\">Twitter<\/a><\/strong> \u015fi <strong><a href=\"https:\/\/www.instagram.com\/lorena.lup\/\">Instagram<\/a><\/strong>.<\/p>\n","protected":false},"excerpt":{"rendered":"<p>Salut, popor. Fata cu piesele, Andreea, e la mare \u0219i mi se vaiet\u0103 c\u0103 are netul prost, a\u0219a c\u0103 pe azi \u0219i m\u00e2ine v\u0103&#46;&#46;&#46;<\/p>\n","protected":false},"author":2,"featured_media":17687,"comment_status":"open","ping_status":"open","sticky":false,"template":"","format":"standard","meta":{"jetpack_post_was_ever_published":false,"_jetpack_newsletter_access":"","_jetpack_dont_email_post_to_subs":false,"_jetpack_newsletter_tier_id":0,"_jetpack_memberships_contains_paywalled_content":false,"_jetpack_memberships_contains_paid_content":false,"footnotes":"","jetpack_publicize_message":"","jetpack_publicize_feature_enabled":true,"jetpack_social_post_already_shared":true,"jetpack_social_options":{"image_generator_settings":{"template":"highway","default_image_id":0,"font":"","enabled":false},"version":2}},"categories":[1],"tags":[],"class_list":["post-17686","post","type-post","status-publish","format-standard","has-post-thumbnail","hentry","category-spicy"],"jetpack_publicize_connections":[],"jetpack_featured_media_url":"https:\/\/i0.wp.com\/lorenalupu.com\/blog\/wp-content\/uploads\/2019\/06\/tudor-chirila.jpg?fit=816%2C533&ssl=1","jetpack_sharing_enabled":true,"jetpack_likes_enabled":true,"_links":{"self":[{"href":"https:\/\/lorenalupu.com\/blog\/wp-json\/wp\/v2\/posts\/17686","targetHints":{"allow":["GET"]}}],"collection":[{"href":"https:\/\/lorenalupu.com\/blog\/wp-json\/wp\/v2\/posts"}],"about":[{"href":"https:\/\/lorenalupu.com\/blog\/wp-json\/wp\/v2\/types\/post"}],"author":[{"embeddable":true,"href":"https:\/\/lorenalupu.com\/blog\/wp-json\/wp\/v2\/users\/2"}],"replies":[{"embeddable":true,"href":"https:\/\/lorenalupu.com\/blog\/wp-json\/wp\/v2\/comments?post=17686"}],"version-history":[{"count":4,"href":"https:\/\/lorenalupu.com\/blog\/wp-json\/wp\/v2\/posts\/17686\/revisions"}],"predecessor-version":[{"id":17691,"href":"https:\/\/lorenalupu.com\/blog\/wp-json\/wp\/v2\/posts\/17686\/revisions\/17691"}],"wp:featuredmedia":[{"embeddable":true,"href":"https:\/\/lorenalupu.com\/blog\/wp-json\/wp\/v2\/media\/17687"}],"wp:attachment":[{"href":"https:\/\/lorenalupu.com\/blog\/wp-json\/wp\/v2\/media?parent=17686"}],"wp:term":[{"taxonomy":"category","embeddable":true,"href":"https:\/\/lorenalupu.com\/blog\/wp-json\/wp\/v2\/categories?post=17686"},{"taxonomy":"post_tag","embeddable":true,"href":"https:\/\/lorenalupu.com\/blog\/wp-json\/wp\/v2\/tags?post=17686"}],"curies":[{"name":"wp","href":"https:\/\/api.w.org\/{rel}","templated":true}]}}