{"id":18585,"date":"2019-11-01T13:41:30","date_gmt":"2019-11-01T10:41:30","guid":{"rendered":"https:\/\/lorenalupu.com\/blog\/?p=18585"},"modified":"2019-11-01T13:41:30","modified_gmt":"2019-11-01T10:41:30","slug":"in-memoriam","status":"publish","type":"post","link":"https:\/\/lorenalupu.com\/blog\/in-memoriam\/","title":{"rendered":"In memoriam"},"content":{"rendered":"<p>C\u00e2nd e\u015fti copil, ziua mor\u0163ilor e mai degrab\u0103 distrac\u0163ie. Exist\u0103 ni\u015fte rude care au murit, dar sunt prea \u00eendep\u0103rtate \u015fi nu ai apucat s\u0103 le cuno\u015fti bine. O list\u0103 de nume e o simpl\u0103 list\u0103 de nume, nu un \u015fir de clape activatoare de amintiri.<\/p>\n<p>Dup\u0103 ce \u00ee\u0163i mor una, dou\u0103, mai multe persoane iubite, \u00eencepi s\u0103 sim\u0163i complet diferit ziua mor\u0163ilor. Sunt oameni care merg la cimitir, s\u0103 p\u0103zeasc\u0103 timp de c\u00e2teva ore palma de p\u0103m\u00e2nt \u00een care se afl\u0103 r\u0103m\u0103\u015fi\u0163ele lume\u015fti ale rudei, prietenului, fostului partener de via\u0163\u0103. S\u0103 cure\u0163e morm\u00e2ntul de frunze uscate, flori ofilite \u015fi alte mici&#8230; nici nu le pot spune gunoaie, pentru c\u0103 frunzele uscate \u015fi florile ofilite nu mi se par gunoaie. Gunoaie sunt pro\u015ftii plini de spume \u015fi ur\u0103 de pe internet.<\/p>\n<p>\u015ei sunt oameni ca mine, pe care nu-i deplasezi nici cu plec\u0103ciuni p\u00e2n\u0103 la fa\u0163a locului. Hell, mai \u015fi stau \u00een alt ora\u015f, \u015fi mai \u015fi bolesc zilele astea. Dar la c\u00e2t de vii sunt \u00een continuare to\u0163i mor\u0163ii mei \u00een mine, nici nu cred c\u0103 e nevoie.<\/p>\n<p>\u00cei visez cu regularitate, cam la trei s\u0103pt\u0103m\u00e2ni, \u015fi povestim lung \u015fi pe \u00eendelete \u00een vis, conversa\u0163ii pe care le uit \u00eentotdeauna, atunci c\u00e2nd m\u0103 trezesc. Bunic\u0103-mea ar fi vrut s\u0103 se fac\u0103 actri\u0163\u0103, dar n-a l\u0103sat-o taic\u0103-su, a zis c\u0103 el nu a crescut o curv\u0103, \u015fi c\u0103 ea se va m\u0103rita \u015fi va avea o familie, ca orice femeie cinstit\u0103. De aceea, via\u0163a bunicii mele a fost o lung\u0103 frustrare, \u015fi cred c\u0103 a visat mereu c\u0103 va evada de acas\u0103 s\u0103-\u015fi realizeze visul cel mare. Dup\u0103 ce a murit, mama a g\u0103sit \u00een dulapul ei economii de sute de lei comuni\u015fti. Suta aia albastr\u0103, care acum nu valoreaz\u0103 nimic, exact ca visele pe care \u0163i le strive\u015fti \u00een picioare.<\/p>\n<p>Odat\u0103 ce taic\u0103-su i-a smuls aripile, bunic\u0103-mea a adoptat \u015fi ea cel mai tradi\u0163ionalist discurs. \u015ei mie \u00eemi spunea s\u0103 las prostiile \u015fi visele, c\u0103 va trebui s\u0103 m\u0103 m\u0103rit \u015fi s\u0103 fac copii, blabla. Cu mintea de la opt ani, mi se p\u0103rea doar proast\u0103. De fapt, a fost un destin fr\u00e2nt din fa\u015f\u0103. \u015ei prin urmare, a c\u0103utat s\u0103 ne \u00eempiedice pe toate s\u0103 ne bucur\u0103m de emanciparea de care ea n-a avut parte.<\/p>\n<p>Acum empatizez cu bunic\u0103-mea la un nivel la care n-am f\u0103cut-o niciodat\u0103 pe c\u00e2nd tr\u0103ia, pentru c\u0103 nu exist\u0103 form\u0103 de iad mai teribil\u0103 dec\u00e2t \u00eenchisoarea unei vie\u0163i limitate, pe care nu \u0163i-o dore\u015fti. \u015ei realitatea e c\u0103 via\u0163a conjugal\u0103 clasic\u0103, acest interminabil \u015fir de sarcini domestice repetitive \u015fi ucig\u0103toare pentru spirit, e ca picx\u0103tura chinezeasc\u0103 pentru tipul de om care nu a fost creat pentru asta.<\/p>\n<p>Bunic\u0103-mea tricota pulovere. Le f\u0103cea interesante, cu cambre-uri accentuate, gulere mari \u015fi impozante, umeri ampli \u015fi multe culori. Iar mie \u00eemi pl\u0103ceau tricourile negre, simple. C\u00e2t de r\u0103u \u00eemi pare c\u0103 nu i-am oferit niciodat\u0103 apreciere pentru m\u0103runta supap\u0103 de creativitate pe care a reu\u015fit s-o detecteze \u00een calvarul f\u0103r\u0103 sf\u00e2r\u015fit al vie\u0163ii de casnic\u0103.<\/p>\n<p>*<\/p>\n<p>Bunicul meu, pe de alt\u0103 parte, era cel mai convins feminist pe care l-am \u00eent\u00e2lnit \u00een via\u0163a mea. Nu-i l\u0103sa s\u0103 te calce \u00een picioare. Nu-i l\u0103sa s\u0103-\u0163i sugereze c\u0103 e\u015fti mai pu\u0163in. E\u015fti mai de\u015fteapt\u0103 dec\u00e2t majoritatea lor. Nu accepta din partea unui b\u0103rbat nimic mai pu\u0163in dec\u00e2t polite\u0163ea perfect\u0103. Numai \u0163\u0103ranii pro\u015fti bruscheaz\u0103 verbal femei, iar tu nu ai timp de \u0163\u0103rani pro\u015fti.<\/p>\n<p>-M-a traaas cut\u0103rel de p\u0103\u0103\u0103r.<\/p>\n<p>Femeile: Vai, sigur te place.<\/p>\n<p>Bunicul meu: Un b\u0103rbat care te place \u00ee\u0163i aduce flori \u015fi bomboane. Unul care te trage de p\u0103r e prost degeaba, \u015fi tu \u00eei dai cu genunchii la ou\u0163e, s\u0103-l \u00eenve\u0163i s\u0103 nu fie prost degeaba cu tine.<\/p>\n<p>-Bunicule, dar de ce sunt at\u00e2\u0163ia pro\u015fti degeaba?<\/p>\n<p>-\u0102\u015ftia \u015ftiu \u00een sinea lor c\u0103 nu valoreaz\u0103 nimic, \u015fi din cauza asta fac ca toate animalele, s\u0103 nu se mai simt\u0103 at\u00e2t de pro\u015fti degeaba.<\/p>\n<p>-\u015ei func\u0163ioneaz\u0103?<\/p>\n<p>-Fata mea, ai v\u0103zut vreodat\u0103 vreun prost de genul \u0103sta s\u0103 fie m\u0103car zece secunde fericit \u015fi mul\u0163umit cu sine? Normal c\u0103 nu func\u0163ioneaz\u0103 \u015fi nu e treaba ta s\u0103 iei genul \u0103sta de prost \u015fi s\u0103 cau\u0163i s\u0103-l faci s\u0103 nu mai fie prost. Sperie-i s\u0103 nu se mai pun\u0103 cu tine \u015fi gata.<\/p>\n<p>Dac\u0103 stau sincer s\u0103 m\u0103 g\u00e2ndesc, cea mai profund\u0103 influen\u0163\u0103 din via\u0163a mea a r\u0103mas cea a bunicului meu.<\/p>\n<p>Lorena: Cum rezi\u015fti la at\u00e2tea valuri de hate pe internet?<\/p>\n<p>R\u0103spunsul corect e c\u0103 m-a \u00eenv\u0103\u0163at bunicul meu s\u0103 disting prostul de omul care merit\u0103 b\u0103gat \u00een seam\u0103 \u015fi s\u0103 nu dau doi bani pe ce spune prostul.<\/p>\n<p>*<\/p>\n<p>Ce vreau eu s\u0103 spun este c\u0103 mor\u0163ii pe care i-am iubit nu mor.\u00a0 Mor\u0163ii pe care i-am iubit r\u0103m\u00e2n mereu \u00een compania noastr\u0103, nev\u0103zu\u0163i \u015fi neauzi\u0163i, \u015fi prin energia iubirii lor ne redau confortul \u015fi c\u0103ldura primitoare a c\u0103minului.<\/p>\n<p>*<\/p>\n<p>Dar mor\u0163ii pe care i-ai ur\u00e2t?<\/p>\n<p>Eu nu am ur\u00e2t niciodat\u0103 pe nimeni. M-am umplut de draci c\u00e2nd mi-au f\u0103cut mizerii sau mi-au sabotat ini\u0163iative, dar nu am ur\u00e2t niciodat\u0103 legat \u015fi cu pasiune.<\/p>\n<p>Pot da block mintal cu viteza cu care dau block pe re\u0163elele sociale \u015fi din secunda aceea, individul sau individa \u00eenceteaz\u0103, pur \u015fi simplu, s\u0103 existe. Viu sau mort, deopotriv\u0103.<\/p>\n<p>Aleg s\u0103 nu cultiv ranchiune sau s\u0103 m\u0103 \u00eencarc de frustr\u0103ri \u015fi invidii \u015fi iat\u0103 de ce.<\/p>\n<p>S\u0103 zicem c\u0103 Gigel \u00ee\u0163i d\u0103 o \u0163eap\u0103 de c\u00e2teva mii de euro.<\/p>\n<p>Po\u0163i alege s\u0103 pl\u00e2ngi interminabil legat de \u0163eapa lui Gigel, sau po\u0163i alege s\u0103 te deta\u015fezi \u015fi s\u0103 faci alte lucruri. \u015ei de aici alegi \u015fi cum te define\u015fti tu pe tine: omul liber c\u0103ruia nu i-a furat nimeni talentul \u015fi energia sau \u0163epuitul lui Gigel.<\/p>\n<p>Dac\u0103 alegi s\u0103 fii \u0163epuitul lui Gigel, te pui \u00eentr-un rol pasiv, \u015fi-i dai lui Gigel rolul activ \u00een existen\u0163a ta.<\/p>\n<p>Orice \u0163eap\u0103 e posibil\u0103 pentru c\u0103 n-ai fost tu 100% pe faz\u0103 \u015fi nu ai setat corect condi\u0163iile. \u015ei ai l\u0103sat loc de tic\u0103lo\u015fie omeneasc\u0103.<\/p>\n<p>Anuleaz\u0103-l pe Gigel \u00een mintea ta, \u015fi Gigel va fi mortul anonim din groapa comun\u0103, \u0103la care nu conteaz\u0103 pentru nimeni.<\/p>\n<p>***<\/p>\n<p>Foto:<a href=\"https:\/\/pixabay.com\/photos\/graveyard-graves-tree-spooky-night-384604\/\"> pixabay.com<\/a>.<\/p>\n<p>***<\/p>\n<p>\u00ce\u0163i plac textele Trollywood? Po\u0163i sus\u0163ine \u015fi tu proiectul.<\/p>\n<p><a href=\"http:\/\/paypal.me\/Trollywood\"><img data-recalc-dims=\"1\" loading=\"lazy\" decoding=\"async\" class=\"alignnone size-medium wp-image-14577\" src=\"https:\/\/i0.wp.com\/lorenalupu.com\/blog\/wp-content\/uploads\/2018\/03\/cafea-300x300.jpg?resize=300%2C300\" alt=\"\" width=\"300\" height=\"300\" srcset=\"https:\/\/i0.wp.com\/lorenalupu.com\/blog\/wp-content\/uploads\/2018\/03\/cafea.jpg?resize=300%2C300&amp;ssl=1 300w, https:\/\/i0.wp.com\/lorenalupu.com\/blog\/wp-content\/uploads\/2018\/03\/cafea.jpg?resize=150%2C150&amp;ssl=1 150w, https:\/\/i0.wp.com\/lorenalupu.com\/blog\/wp-content\/uploads\/2018\/03\/cafea.jpg?resize=768%2C768&amp;ssl=1 768w, https:\/\/i0.wp.com\/lorenalupu.com\/blog\/wp-content\/uploads\/2018\/03\/cafea.jpg?resize=160%2C160&amp;ssl=1 160w, https:\/\/i0.wp.com\/lorenalupu.com\/blog\/wp-content\/uploads\/2018\/03\/cafea.jpg?resize=320%2C320&amp;ssl=1 320w, https:\/\/i0.wp.com\/lorenalupu.com\/blog\/wp-content\/uploads\/2018\/03\/cafea.jpg?resize=184%2C184&amp;ssl=1 184w, https:\/\/i0.wp.com\/lorenalupu.com\/blog\/wp-content\/uploads\/2018\/03\/cafea.jpg?resize=600%2C600&amp;ssl=1 600w, https:\/\/i0.wp.com\/lorenalupu.com\/blog\/wp-content\/uploads\/2018\/03\/cafea.jpg?resize=100%2C100&amp;ssl=1 100w, https:\/\/i0.wp.com\/lorenalupu.com\/blog\/wp-content\/uploads\/2018\/03\/cafea.jpg?w=931&amp;ssl=1 931w\" sizes=\"auto, (max-width: 300px) 100vw, 300px\" \/><\/a><\/p>\n<p>***<br \/>\nVrei s\u0103 m\u0103 urm\u0103re\u015fti \u00een social media? \u00cemi po\u0163i da like pe <a href=\"https:\/\/www.facebook.com\/lorenaalmighty\/\"><strong>Facebook<\/strong><\/a>, follow pe <strong><a href=\"https:\/\/twitter.com\/lorenalupu\">Twitter<\/a><\/strong> \u015fi <strong><a href=\"https:\/\/www.instagram.com\/lorena.lup\/\">Instagram<\/a><\/strong>.<\/p>\n","protected":false},"excerpt":{"rendered":"<p>C\u00e2nd e\u015fti copil, ziua mor\u0163ilor e mai degrab\u0103 distrac\u0163ie. Exist\u0103 ni\u015fte rude care au murit, dar sunt prea \u00eendep\u0103rtate \u015fi nu ai apucat s\u0103&#46;&#46;&#46;<\/p>\n","protected":false},"author":2,"featured_media":18586,"comment_status":"open","ping_status":"open","sticky":false,"template":"","format":"standard","meta":{"jetpack_post_was_ever_published":false,"_jetpack_newsletter_access":"","_jetpack_dont_email_post_to_subs":false,"_jetpack_newsletter_tier_id":0,"_jetpack_memberships_contains_paywalled_content":false,"_jetpack_memberships_contains_paid_content":false,"footnotes":"","jetpack_publicize_message":"","jetpack_publicize_feature_enabled":true,"jetpack_social_post_already_shared":true,"jetpack_social_options":{"image_generator_settings":{"template":"highway","default_image_id":0,"font":"","enabled":false},"version":2}},"categories":[1],"tags":[],"class_list":["post-18585","post","type-post","status-publish","format-standard","has-post-thumbnail","hentry","category-spicy"],"jetpack_publicize_connections":[],"jetpack_featured_media_url":"https:\/\/i0.wp.com\/lorenalupu.com\/blog\/wp-content\/uploads\/2019\/11\/graveyard.jpg?fit=640%2C426&ssl=1","jetpack_sharing_enabled":true,"jetpack_likes_enabled":true,"_links":{"self":[{"href":"https:\/\/lorenalupu.com\/blog\/wp-json\/wp\/v2\/posts\/18585","targetHints":{"allow":["GET"]}}],"collection":[{"href":"https:\/\/lorenalupu.com\/blog\/wp-json\/wp\/v2\/posts"}],"about":[{"href":"https:\/\/lorenalupu.com\/blog\/wp-json\/wp\/v2\/types\/post"}],"author":[{"embeddable":true,"href":"https:\/\/lorenalupu.com\/blog\/wp-json\/wp\/v2\/users\/2"}],"replies":[{"embeddable":true,"href":"https:\/\/lorenalupu.com\/blog\/wp-json\/wp\/v2\/comments?post=18585"}],"version-history":[{"count":1,"href":"https:\/\/lorenalupu.com\/blog\/wp-json\/wp\/v2\/posts\/18585\/revisions"}],"predecessor-version":[{"id":18587,"href":"https:\/\/lorenalupu.com\/blog\/wp-json\/wp\/v2\/posts\/18585\/revisions\/18587"}],"wp:featuredmedia":[{"embeddable":true,"href":"https:\/\/lorenalupu.com\/blog\/wp-json\/wp\/v2\/media\/18586"}],"wp:attachment":[{"href":"https:\/\/lorenalupu.com\/blog\/wp-json\/wp\/v2\/media?parent=18585"}],"wp:term":[{"taxonomy":"category","embeddable":true,"href":"https:\/\/lorenalupu.com\/blog\/wp-json\/wp\/v2\/categories?post=18585"},{"taxonomy":"post_tag","embeddable":true,"href":"https:\/\/lorenalupu.com\/blog\/wp-json\/wp\/v2\/tags?post=18585"}],"curies":[{"name":"wp","href":"https:\/\/api.w.org\/{rel}","templated":true}]}}