{"id":19265,"date":"2020-03-27T11:38:02","date_gmt":"2020-03-27T08:38:02","guid":{"rendered":"https:\/\/lorenalupu.com\/blog\/?p=19265"},"modified":"2020-03-27T11:38:02","modified_gmt":"2020-03-27T08:38:02","slug":"intrerupere-de-dializa","status":"publish","type":"post","link":"https:\/\/lorenalupu.com\/blog\/intrerupere-de-dializa\/","title":{"rendered":"\u00centrerupere de dializ\u0103"},"content":{"rendered":"<p>Judec\u00e2nd dup\u0103 cum \u00ee\u015fi etaleaz\u0103 autorit\u0103\u0163ile incompeten\u0163a an de an, la ceva at\u00e2t de banal ca prima ninsoare, nu se a\u015ftepta nimeni s\u0103 gestioneze epidemia de COVID &#8211; 19 foarte bine, sau m\u0103car satisf\u0103c\u0103tor. Dar modul \u00een care au gestionat carantina ad-hoc a unor suferinzi de insuficien\u0163\u0103 renal\u0103 cronic\u0103, s\u0103lta\u0163i direct din dializ\u0103 \u015fi du\u015fi la o adres\u0103 necunoscut\u0103, unde nu i-a \u00eentrebat nimeni de ce sufer\u0103 \u015fi de ce medica\u0163ie au nevoie, ar fi de r\u00e2s, dac\u0103 n-ar fi de pl\u00e2ns.<\/p>\n<p>Maria-Cristina Pricop este psihiatru \u015fi psihoterapeut cu cabinet propriu. Alalt\u0103ieri seara, a dat un status halucinant pe Facebook, relat\u00e2nd cum tat\u0103l ei, domnul Mihai Pricop, a plecat mar\u0163i s\u0103-\u015fi fac\u0103 dializa \u015fi a dat telefon \u00een c\u00e2teva ore s\u0103 spun\u0103 familiei c\u0103 a fost ridicat \u00een carantin\u0103 \u015fi dus la o destina\u0163ie necunoscut\u0103, unde, p\u00e2n\u0103 la data public\u0103rii acestui interviu, singurele medicamente primite de ace\u015fti oameni &#8211; insist, <strong>care sufer\u0103 de boli cronice<\/strong> &#8211; au fost cele strecurate, prin mica \u00een\u0163elegere, de apar\u0163in\u0103tori prin gardienii mai sufleti\u015fti.<br \/>\nDar s\u0103 o l\u0103s\u0103m pe Maria s\u0103-\u015fi spun\u0103 singur\u0103 povestea.<\/p>\n<blockquote><p><strong><strong>TROLLYWOOD: De ce boal\u0103 sufer\u0103 tat\u0103l t\u0103u?<\/strong><\/strong><\/p><\/blockquote>\n<p>Maria &#8211; Cristina Pricop: \u00cen octombrie, a f\u0103cut infarct. Ca s\u0103 \u00eei vad\u0103 inima \u015fi s\u0103 \u00eei pun\u0103 stent, s\u0103 \u00eei salveze via\u021ba, i-au b\u0103gat o substan\u021b\u0103 de contrast. L-au salvat de inim\u0103, dar l-au \u00eemboln\u0103vit de rinichi.<br \/>\nA intrat \u00een insuficien\u0163\u0103 renal\u0103 acut\u0103 de la acea substan\u021b\u0103 \u0219i, \u00een timp, s-a transformat \u00een insuficien\u0163\u0103 renal\u0103 cronic\u0103.\u00a0Adic\u0103, rinichii lui nu mai func\u021bioneaz\u0103 cum trebuie, urineaz\u0103 pu\u021bin \u0219i nu elimin\u0103 toxinele.\u00a0A\u0219a c\u0103 e dependent de dializ\u0103, altfel, re\u0163ine orice lichid consum\u0103, se umfl\u0103, \u00eei e foarte r\u0103u, se intoxic\u0103 \u0219i poate s\u0103 moar\u0103.<\/p>\n<blockquote><p><strong>C\u00e2t de des merge la dializ\u0103 \u015fi ce alt tratament urmeaz\u0103?<\/strong><\/p><\/blockquote>\n<p>Chiar \u00eenainte s\u0103 \u00eenceap\u0103 starea de urgen\u0163\u0103 (legat\u0103 de Covid-19, n. L.), a fost internat la spitalul Carol Davila. A fost externat de acolo \u00een urma deciziei de urgent\u0103, de\u0219i nu era deloc de externat. De acolo, i-au f\u0103cut leg\u0103tura cu acest centru de dializ\u0103. S\u0103pt\u0103m\u00e2na trecut\u0103, a \u00eenceput dializa acolo. Face mar\u0163ea, joia \u0219i s\u00e2mb\u0103ta. Trei \u015fedin\u021be pe s\u0103pt\u0103m\u00e2n\u0103.<br \/>\nAlte tratamente? Are vreo zece \u00een total, toate \u00een urma infarctului din octombrie. Dar cel mai important este anticoagulantul, f\u0103r\u0103 de care risc\u0103 s\u0103 moar\u0103 \u00een orice clip\u0103.<br \/>\nPe l\u00e2ng\u0103 asta, are pentru tensiune \u015fi pentru protec\u021bie gastric\u0103 (fiindc\u0103 anticoagulantul pentru inim\u0103 face, evident, ca s\u00e2ngele s\u0103 nu se mai coaguleze, iar acest lucru i-a provocat \u0219i un ulcer).<br \/>\nTrebuie s\u0103 ia multe vitamine, pentru c\u0103 dializa \u00eel las\u0103 f\u0103r\u0103 ele. <\/p>\n<blockquote><p><strong>\u00cen ce zi l-au ridicat de la Diaverum, centrul de dializ\u0103?<\/strong><\/p><\/blockquote>\n<p>Mar\u021bi a plecat la 15, a ajuns la 16, a \u00eenceput dializa \u0219i la 18, au venit peste ei cu poli\u021bie, jandarmi, <strong>le-au oprit dializa<\/strong>, care in mod normal dura patru ore.<br \/>\nI-au testat pentru Covid-19 \u0219i i-au min\u021bit c\u0103 sunt du\u0219i la un hotel, in carantin\u0103. \u0218i c\u0103, dac\u0103 sunt negativi, li se va da drumul Prima minciun\u0103. <\/p>\n<blockquote><p><strong>Stai un pic. Stai. Cum s\u0103 le \u00eentrerup\u0103 dializa?<\/strong><\/p><\/blockquote>\n<p>Au f\u0103cut doar jum\u0103tate \u0219i de atunci nu au mai f\u0103cut deloc.<br \/>\nNormal era s\u0103 \u00eei lase p\u00e2n\u0103 la cap\u0103t \u0219i s\u0103 \u00eei testeze apoi. <\/p>\n<blockquote><p><strong> Care sunt riscurile asociate \u00eentreruperii dializei?<\/strong><\/p><\/blockquote>\n<p>Nu sunt cea mai indicat\u0103 s\u0103 \u00ee\u021bi spun, pentru c\u0103 tata e \u00een dializ\u0103 doar de o s\u0103pt\u0103m\u00e2n\u0103, \u0219i spre deosebire de al\u0163ii,  el poate rezista un timp limitat \u015fi f\u0103r\u0103, dar \u00ee\u021bi pot spune cum era el \u00eenainte de dializ\u0103. Era umflat la fa\u0163\u0103 \u015fi picioare, \u00eel m\u00e2nca pielea \u00eengrozitor de la toxinele pe care nu avea cum sa le elimine. Avea o senza\u021bie continu\u0103 de frig, de\u0219i nou\u0103 ne era cald.<br \/>\n\u0218i, pe termen lung, asta poate duce la intoxicare complet\u0103, edem pulmonar, ceea ce \u00eenseamn\u0103 c\u0103 lichidul se duce la pl\u0103m\u00e2ni, nu mai po\u021bi respira \u0219i po\u021bi sa mori. Ureea se poate duce la creier \u0219i s\u0103 \u00eencepi s\u0103 delirezi.<br \/>\nSe poate muri \u00een c\u00e2teva zile, dac\u0103 nu elimini toxinele. Sunt oameni care nu mai urineaz\u0103 deloc \u0219i care nu rezist\u0103 mult f\u0103r\u0103 dializ\u0103. <\/p>\n<blockquote><p><strong>\u00cen grupul tat\u0103lui t\u0103u erau \u015fi pacien\u0163i din ace\u015ftia, cu probleme mai complicate?<\/strong><\/p><\/blockquote>\n<p>Da. Majoritatea. Eu nu i-am cunoscut dec\u00e2t acum,  in urma post\u0103rii mele. Dar cei mai mul\u0163i fac de ani de zile dializ\u0103, \u0219i ei chiar nu rezist\u0103 f\u0103r\u0103.<br \/>\nSunt oameni care se pl\u00e2ng c\u0103 nu au mai f\u0103cut din ziua de luni, \u0219i nu pot bea deloc ap\u0103, de team\u0103 s\u0103 nu se umfle, \u0219i se chinuie tare. Tura care f\u0103cea dializ\u0103 luni, miercuri, vineri a fost testat\u0103, dar trimis\u0103 acas\u0103, \u015fi de atunci, nu au mai f\u0103cut deloc.<br \/>\nTata f\u0103cea mar\u021bi, joi, s\u00e2mb\u0103t\u0103. Tura lui e toat\u0103 \u00een carantin\u0103. <\/p>\n<blockquote><p><strong>\u015ei nu nici ceilal\u0163i nu au fost redistribui\u0163i la alt\u0103 unitate pentru dializ\u0103, pur \u015fi simplu expedia\u0163i acas\u0103, cu mila Domnului?<\/strong><\/p><\/blockquote>\n<p>Nu. \u015ei nu \u0219tiu nimic. \u015ei \u00eentreab\u0103 \u00eencontinuu, pentru c\u0103 unii dintre ei nu mai rezist\u0103 f\u0103r\u0103. Cei mai gravi, care nu mai urineaz\u0103 deloc, pot intra \u00een orice clip\u0103 \u00een edem pulmonar, care e urgen\u0163\u0103 maxim\u0103.<br \/>\nAaa, \u0219i cirea\u0219a de pe tort: coma uremic\u0103. Oricare dintre ei poate intra \u00een com\u0103, dac\u0103 ureea e at\u00e2t de mult\u0103, \u00eenc\u00e2t urc\u0103 la creier. <\/p>\n<blockquote><p><strong>\u00cen\u0163eleg. Care e explica\u0163ia pe care a oferit-o poli\u0163ia pentru \u00eenchiderea centrului \u015fi m\u0103surile luate fa\u0163\u0103 de pacien\u0163i?<\/strong><\/p><\/blockquote>\n<p>Doar c\u0103 au fost c\u00e2\u021biva infecta\u021bi. Iar centrul a fost \u00eenchis, pentru c\u0103 nu se respectau m\u0103surile de siguran\u021b\u0103.<br \/>\nAsta e adev\u0103rat. \u00cei \u021bineau unul l\u00e2ng\u0103 altul, c\u00e2te 30 odat\u0103. Nimeni nu purta masc\u0103 de protec\u021bie. Nu se dezinfecta cum trebuie.<br \/>\nEi i-au pus pe to\u021bi \u00een pericol. \u0218i \u0219tiau ca au avut bolnav de Covid.<br \/>\nDar am auzit de la al\u021bi pacien\u021bi c\u0103 e posibil s\u0103 se redeschid\u0103 centrul s\u00e2mb\u0103t\u0103, dup\u0103 dezinfectare. <\/p>\n<blockquote><p><strong>S\u0103 revenim la firul \u00eent\u00e2mpl\u0103rilor. Au \u00eentrerupt dializa, i-au testat \u015fi dup\u0103 aceea ce au f\u0103cut?<\/strong><\/p><\/blockquote>\n<p>I-au \u021binut vreo dou\u0103 ore, 27 de persoane, \u00eentr-o camer\u0103 aglomerat\u0103, unul l\u00e2ng\u0103 altul. Apoi, i-au b\u0103gat \u00een ma\u0219ini \u0219i i-au min\u021bit c\u0103 ii duc la un hotel, f\u0103r\u0103 s\u0103 le spun\u0103 unde. Au aflat totu\u0219i c\u0103 \u00een Pope\u015fti Leordeni. F\u0103r\u0103 s\u0103 \u0219tie adresa, nimic. Nimeni nu a \u00eentrebat dac\u0103 au nevoie de medicamente, ceva, sau de alte lucruri. <\/p>\n<blockquote><p><strong>Practic, r\u0103pire de persoane.<\/strong><\/p><\/blockquote>\n<p>A\u015fa pare, nu? I-au luat pe sus, i-au dus \u0219i nu le-au comunicat nimic.<br \/>\nDar suntem \u00een stare de urgen\u0163\u0103, nu mai avem drepturi.<br \/>\n\u0218tii ce e mai r\u0103u? O fata mi-a spus c\u0103 tat\u0103l el nu avea telefonul la el, \u0219i familia lui nu a \u0219tiut nimic de el p\u00e2n\u0103 a doua zi, la ora 13. Imagineaz\u0103-\u021bi cum e. <\/p>\n<blockquote><p><strong>Bun, \u015fi unde i-au dus p\u00e2n\u0103 la urm\u0103?<\/strong><\/p><\/blockquote>\n<p>\u00cen Pope\u015fti Leordeni, la un c\u0103min de studen\u021bi. Dar sunt oameni care nici pana azi nu au g\u0103sit loca\u021bia, pentru c\u0103 adresa pe care am aflat-o e gre\u0219it\u0103. E adresa unei fabrici din apropiere. Oamenii de la fabric\u0103 m-au \u00eendrumat. <\/p>\n<blockquote><p><strong>Loca\u0163ia cum a\u0163i aflat-o? Au comunicat-o ei sau a dat tat\u0103l t\u0103u share location de pe mobil?<\/strong><\/p><\/blockquote>\n<p>Nu. Tata are Nokia 3310, din \u0103la cu butoane. Am sunat la DSP, nu r\u0103spundea nimeni. Apoi am sunat la 112.<br \/>\nMi-au dat ambulan\u0163a, ace\u015ftia au zis c\u0103 nu \u0163ine de ei, mi-au dat apoi poli\u021bia, au zis c\u0103 nu \u0163ine nici de ei. Am \u00eenceput s\u0103 \u0163ip de nervi \u0219i s\u0103 spun c\u0103 asta e sechestrare \u0219i tentativ\u0103 de omor. Cu sau f\u0103r\u0103 Covid, tata moare \u00een dou\u0103 s\u0103pt\u0103m\u00e2ni f\u0103r\u0103 medicamentele de inim\u0103. Apoi, m-a bu\u0219it pl\u00e2nsul \u0219i, probabil, i s-a f\u0103cut mil\u0103 de mine poli\u021bistului, c\u0103 a aflat el loca\u021bia, adresa aia gre\u0219it\u0103 a fabricii. Dar m\u0103car a\u0219a am reu\u0219it s\u0103-l g\u0103sesc. <\/p>\n<p><a href=\"https:\/\/i0.wp.com\/lorenalupu.com\/blog\/wp-content\/uploads\/2020\/03\/pricop2.jpg?ssl=1\" data-rel=\"lightbox-image-0\" data-rl_title=\"\" data-rl_caption=\"\" title=\"\"><img data-recalc-dims=\"1\" loading=\"lazy\" decoding=\"async\" src=\"https:\/\/i0.wp.com\/lorenalupu.com\/blog\/wp-content\/uploads\/2020\/03\/pricop2.jpg?resize=540%2C960&#038;ssl=1\" alt=\"\" width=\"540\" height=\"960\" class=\"alignnone size-full wp-image-19268\" srcset=\"https:\/\/i0.wp.com\/lorenalupu.com\/blog\/wp-content\/uploads\/2020\/03\/pricop2.jpg?w=540&amp;ssl=1 540w, https:\/\/i0.wp.com\/lorenalupu.com\/blog\/wp-content\/uploads\/2020\/03\/pricop2.jpg?resize=84%2C150&amp;ssl=1 84w, https:\/\/i0.wp.com\/lorenalupu.com\/blog\/wp-content\/uploads\/2020\/03\/pricop2.jpg?resize=169%2C300&amp;ssl=1 169w\" sizes=\"auto, (max-width: 540px) 100vw, 540px\" \/><\/a><\/p>\n<blockquote><p><strong>Tat\u0103l t\u0103u c\u00e2nd a putut lua leg\u0103tura cu voi?<\/strong><\/p><\/blockquote>\n<p>M-a sunat \u00een acea sear\u0103 pe la 20, s\u0103 \u00eemi spun\u0103 c\u0103 nu vine acas\u0103, pleac\u0103 direct \u00een carantin\u0103 la un hotel. Nu mai avea nici baterie prea mult\u0103 la telefon. \u0218i mi-a spus c\u0103 nu vine nimeni cu medicamentele, c\u0103 nu i se dau de acolo. <\/p>\n<blockquote><p><strong>OK, deci nimeni nu s-a interesat de tratamentul necesar acestor oameni bolnavi cronic. Dar de alte necesit\u0103\u0163i ale lor? Au \u00eencercat s\u0103-l hr\u0103neasc\u0103, s\u0103 le dea prosoape, s\u0103pun, dezinfectant, pl\u0103pumi, etc?<\/strong><\/p><\/blockquote>\n<p>Nu, absolut nimeni nu s-a interesat de medicamentele lor. Nu le-au dat m\u00e2ncare toat\u0103 ziua, dar mi-a zis c\u0103 pe la 11 noaptea, le-au adus totu\u0219i friptur\u0103 cu cartofi pr\u0103ji\u021bi. \u0218i c\u0103 e cald acolo. Prosop, s\u0103pun, toalet\u0103 au, spirt i-am trimis eu.<br \/>\nDe atunci, prime\u015fte m\u00e2ncare. Li se las\u0103 la u\u015f\u0103, \u00een ni\u0219te pungi. <\/p>\n<blockquote><p><strong>C\u00e2nd ai dat acele telefoane pentru a descoperi unde este?<\/strong><\/p><\/blockquote>\n<p>Imediat dup\u0103 ce m-a sunat el \u0219i mi-a spus c\u0103 nu \u0219tie dec\u00e2t c\u0103 e \u00een Pope\u015fti Leordeni, \u0219i a \u00eencercat s\u0103 descrie un pic drumul. Deci mar\u021bi seara. <\/p>\n<blockquote><p><strong>\u015ei ai aflat unde este p\u00e2n\u0103 la urm\u0103 tot mar\u0163i seara? <\/strong><\/p><\/blockquote>\n<p>Cu adev\u0103rat, am aflat a doua zi. C\u00e2nd am ajuns la acea fabric\u0103, \u0219i oamenii de acolo m-au \u00eendrumat, pentru c\u0103 toat\u0103 diminea\u021ba au venit la ei familiile. <\/p>\n<blockquote><p><strong>\u015ei c\u00e2nd a\u0163i ajuns la c\u0103min, ce s-a \u00eent\u00e2mplat?<\/strong><\/p><\/blockquote>\n<p>Erau doi poli\u021bi\u0219ti la u\u015f\u0103, \u00een\u0103untru se vedeau dou\u0103 asistente. Poli\u021bi\u0219tii au fost chiar foarte de treab\u0103, au zis c\u0103 ei nu \u0219tiu nimic, c\u0103 au fost trimi\u0219i s\u0103 p\u0103zeasc\u0103 centrul, le-am dat medicamentele pentru tata \u0219i au ajuns imediat la el. Oamenii care st\u0103teau la parter ie\u0219iser\u0103 la geam, unii primeau pachete pe geam. Afar\u0103 era \u0219oferul care \u00eel duce \u0219i pe tata, care a ajutat \u0219i el cum a putut, s-a mai dus acas\u0103 la c\u00e2te unii ca s\u0103 le aduc\u0103 medicamentele, la rug\u0103mintea lor. <\/p>\n<blockquote><p><strong>A, ok, deci tot prin mica \u00een\u0163elegere de la fa\u0163a locului \u015fi-au primit to\u0163i medicamentele.<\/strong><\/p><\/blockquote>\n<p>Da, dar nu chiar to\u021bi. Doar cei care ori aveau pe cineva, ori au rugat \u0219oferul. Sunt \u00eenc\u0103 oameni care nu au g\u0103sit loca\u021bia. Deci, eu cred c\u0103 nu \u0219i-au primit to\u021bi medicamentele. <\/p>\n<blockquote><p><strong>Cum sunt \u0163inu\u0163i \u00een c\u0103min? Sunt izola\u0163i c\u00e2t de c\u00e2t unii de al\u0163ii, ca \u0103ia pozitivi s\u0103 nu-i infecteze pe poten\u0163ialii s\u0103n\u0103to\u015fi?<\/strong><\/p><\/blockquote>\n<p>Sunt c\u00e2te doi \u00een camer\u0103.<br \/>\nAm aflat acum rezultatele, sunt to\u021bi negativi \u00een afar\u0103 de o singur\u0103 femeie pozitiv\u0103 care a fost luat\u0103 cu izoleta. Dar \u0103\u015ftia au pus-o cu alt\u0103 femeie \u00een camer\u0103. Deci, e foarte posibil s\u0103 fi infectat o femeie s\u0103n\u0103toas\u0103 acum. \u015ei e unul pozitiv \u00een tura care face dializ\u0103 luni &#8211; miercuri &#8211; vineri, pe care au trimis-o acas\u0103. <\/p>\n<blockquote><p><strong>Acum, adic\u0103 pe la ce or\u0103? (Precizare: interviul a fost luat ieri, 26 martie, n. L.)<\/strong><\/p><\/blockquote>\n<p>\u00cen urma mediatiz\u0103rii, m-au sunat de la USR Pope\u015fti Leordeni. Ei au f\u0103cut rost de num\u0103rul responsabilului pentru situa\u021bii de urgen\u0163\u0103 de la prim\u0103ria de acolo. Cam pe la 18 l-am sunat. \u0218i el mi-a zis de rezultate \u0219i a fost foarte cooperant. Mi-a spus c\u0103 ei au fost anun\u0163a\u021bi cu o or\u0103 \u00eenainte c\u0103 se face centru de carantin\u0103. Au avut doar o or\u0103 s\u0103 preg\u0103teasc\u0103 tot. Decizia a luat-o prefectul jude\u0163ului Ilfov.<br \/>\nEi nu au \u0219tiut c\u0103 e vorba de oameni bolnavi, care au nevoie de asisten\u0163\u0103 medical\u0103. DSP, care trebuia s\u0103 comunice acest lucru, l-a ascuns. <\/p>\n<blockquote><p><strong>Dac\u0103 i-au luat de la un centru de dializ\u0103, cum puteau s\u0103 fie? campioni la atletism? Dansatori de chacha? <\/strong><\/p><\/blockquote>\n<p>Cei din Pope\u015fti zic c\u0103 se a\u0219teptau s\u0103 le aduc\u0103 oameni s\u0103n\u0103to\u0219i. Nu le-a spus nimeni ce e cu ei<\/p>\n<blockquote><p><strong>Grozav. Dac\u0103 nu exista mediatizarea, probabil c\u0103 nu aflai c\u0103 testul tat\u0103lui t\u0103u e negativ, right?<\/strong><\/p><\/blockquote>\n<p>Exact. \u0218i nici el. Eu i-am dat vestea \u0219i lui, \u0219i colegului de camer\u0103. \u00cenc\u0103 ceva. Domnul de la prim\u0103rie mi-a spus c\u0103 de azi nu se mai intr\u0103 pe poarta centrului, au pus jandarm acolo. Presupun c\u0103 tot \u00een urma mediatiz\u0103rii.<br \/>\nDe\u015fi testul e negativ, \u00eei mai \u0163in 14 zile, iar dup\u0103 aceea, \u00eei vor testa dn nou. <\/p>\n<blockquote><p><strong>Betonescu. Dar ai aflat dac\u0103 vor primi medica\u0163ie adecvat\u0103 bolilor lor, sau dac\u0103 vor fi du\u015fi la dializ\u0103, \u015fi c\u00e2nd?<\/strong><\/p><\/blockquote>\n<p>Mi-au zis c\u0103 le-au fost trimise re\u021betele fiec\u0103ruia \u015fi au achizi\u0163ionat medicamentele, dar tata spune c\u0103 \u0219i el, \u0219i colegul lui de camer\u0103 au doar medicamentele aduse de noi. De mine \u0219i de familia celuilalt domn. Iar despre dializ\u0103 a zis c\u0103 vor fi du\u0219i zilele astea, dar nu a precizat c\u00e2nd. C\u0103 se ocup\u0103 Ministerul S\u0103n\u0103t\u0103\u021bii de ei.<br \/>\nPe mine nu m\u0103 lini\u015fte\u015fte deloc s\u0103 aud asta. Am v\u0103zut cum s-au \u201cocupat\u201d. <\/p>\n<blockquote><p><strong>\u015ei fiecare zi conteaz\u0103. <\/strong><\/p><\/blockquote>\n<p>Deci, realmente, oamenii \u0103ia pot muri \u00een dou\u0103 f\u0103r\u0103 dializ\u0103. Probabil c\u0103 unii dintre ei ar rezista, \u00een chinuri, dar al\u0163ii, nu cred. <\/p>\n<p>***<\/p>\n<p>Peste tot \u00een lume se moare de Covid-19. \u00cen Rom\u00e2nia, \u00eens\u0103, se moare de dou\u0103 boli mai grave \u015fi la fel de contagioase: nesim\u0163irea \u015fi incompeten\u0163a. Cu mii de victime colaterale, majoritatea fofili\u015fti care, prin la\u015fitatea lor, las\u0103 aceste dou\u0103 boli s\u0103 se perpetueze. <\/p>\n<p>***<\/p>\n<p>&nbsp;<\/p>\n<p>Dac\u0103 \u00ee\u0163i place acest blog, ai avut vreodat\u0103 inten\u0163ia s\u0103-l sus\u0163ii dar ai tot am\u00e2nat, acum ar fi un moment foarte bun.<\/p>\n<p><a href=\"http:\/\/paypal.me\/Trollywood\"><img data-recalc-dims=\"1\" loading=\"lazy\" decoding=\"async\" class=\"alignnone size-medium wp-image-14577\" src=\"https:\/\/i0.wp.com\/lorenalupu.com\/blog\/wp-content\/uploads\/2018\/03\/cafea-300x300.jpg?resize=300%2C300\" alt=\"\" width=\"300\" height=\"300\" srcset=\"https:\/\/i0.wp.com\/lorenalupu.com\/blog\/wp-content\/uploads\/2018\/03\/cafea.jpg?resize=300%2C300&amp;ssl=1 300w, https:\/\/i0.wp.com\/lorenalupu.com\/blog\/wp-content\/uploads\/2018\/03\/cafea.jpg?resize=150%2C150&amp;ssl=1 150w, https:\/\/i0.wp.com\/lorenalupu.com\/blog\/wp-content\/uploads\/2018\/03\/cafea.jpg?resize=768%2C768&amp;ssl=1 768w, https:\/\/i0.wp.com\/lorenalupu.com\/blog\/wp-content\/uploads\/2018\/03\/cafea.jpg?resize=160%2C160&amp;ssl=1 160w, https:\/\/i0.wp.com\/lorenalupu.com\/blog\/wp-content\/uploads\/2018\/03\/cafea.jpg?resize=320%2C320&amp;ssl=1 320w, https:\/\/i0.wp.com\/lorenalupu.com\/blog\/wp-content\/uploads\/2018\/03\/cafea.jpg?resize=184%2C184&amp;ssl=1 184w, https:\/\/i0.wp.com\/lorenalupu.com\/blog\/wp-content\/uploads\/2018\/03\/cafea.jpg?resize=600%2C600&amp;ssl=1 600w, https:\/\/i0.wp.com\/lorenalupu.com\/blog\/wp-content\/uploads\/2018\/03\/cafea.jpg?resize=100%2C100&amp;ssl=1 100w, https:\/\/i0.wp.com\/lorenalupu.com\/blog\/wp-content\/uploads\/2018\/03\/cafea.jpg?w=931&amp;ssl=1 931w\" sizes=\"auto, (max-width: 300px) 100vw, 300px\" \/><\/a><\/p>\n<p>***<br \/>\nVrei s\u0103 m\u0103 urm\u0103re\u015fti \u00een social media? \u00cemi po\u0163i da like pe <a href=\"https:\/\/www.facebook.com\/lorenaalmighty\/\"><strong>Facebook<\/strong><\/a>, follow pe <strong><a href=\"https:\/\/twitter.com\/lorenalupu\">Twitter<\/a><\/strong> \u015fi <strong><a href=\"https:\/\/www.instagram.com\/lorena.lup\/\">Instagram<\/a><\/strong>.<\/p>\n<p>***<\/p>\n<p>Ascult\u0103 Jet pe <strong><a href=\"https:\/\/open.spotify.com\/album\/3ahSP7bHbzcKsWtGDdzRLK\">Spotify<\/a><\/strong>, cump\u0103r\u0103 piesa pe <a href=\"https:\/\/music.apple.com\/album\/id\/1497428911\"><strong>iTunes<\/strong><\/a> sau pe <a href=\"https:\/\/www.amazon.com\/Jet\/dp\/B084DZ4W5J\"><strong>Amazon Music<\/strong><\/a>.<\/p>\n","protected":false},"excerpt":{"rendered":"<p>Judec\u00e2nd dup\u0103 cum \u00ee\u015fi etaleaz\u0103 autorit\u0103\u0163ile incompeten\u0163a an de an, la ceva at\u00e2t de banal ca prima ninsoare, nu se a\u015ftepta nimeni s\u0103 gestioneze&#46;&#46;&#46;<\/p>\n","protected":false},"author":2,"featured_media":19267,"comment_status":"open","ping_status":"open","sticky":false,"template":"","format":"standard","meta":{"jetpack_post_was_ever_published":false,"_jetpack_newsletter_access":"","_jetpack_dont_email_post_to_subs":false,"_jetpack_newsletter_tier_id":0,"_jetpack_memberships_contains_paywalled_content":false,"_jetpack_memberships_contains_paid_content":false,"footnotes":"","jetpack_publicize_message":"","jetpack_publicize_feature_enabled":true,"jetpack_social_post_already_shared":true,"jetpack_social_options":{"image_generator_settings":{"template":"highway","default_image_id":0,"font":"","enabled":false},"version":2}},"categories":[1],"tags":[],"class_list":["post-19265","post","type-post","status-publish","format-standard","has-post-thumbnail","hentry","category-spicy"],"jetpack_publicize_connections":[],"jetpack_featured_media_url":"https:\/\/i0.wp.com\/lorenalupu.com\/blog\/wp-content\/uploads\/2020\/03\/pricop1.jpg?fit=650%2C487&ssl=1","jetpack_sharing_enabled":true,"jetpack_likes_enabled":true,"_links":{"self":[{"href":"https:\/\/lorenalupu.com\/blog\/wp-json\/wp\/v2\/posts\/19265","targetHints":{"allow":["GET"]}}],"collection":[{"href":"https:\/\/lorenalupu.com\/blog\/wp-json\/wp\/v2\/posts"}],"about":[{"href":"https:\/\/lorenalupu.com\/blog\/wp-json\/wp\/v2\/types\/post"}],"author":[{"embeddable":true,"href":"https:\/\/lorenalupu.com\/blog\/wp-json\/wp\/v2\/users\/2"}],"replies":[{"embeddable":true,"href":"https:\/\/lorenalupu.com\/blog\/wp-json\/wp\/v2\/comments?post=19265"}],"version-history":[{"count":5,"href":"https:\/\/lorenalupu.com\/blog\/wp-json\/wp\/v2\/posts\/19265\/revisions"}],"predecessor-version":[{"id":19272,"href":"https:\/\/lorenalupu.com\/blog\/wp-json\/wp\/v2\/posts\/19265\/revisions\/19272"}],"wp:featuredmedia":[{"embeddable":true,"href":"https:\/\/lorenalupu.com\/blog\/wp-json\/wp\/v2\/media\/19267"}],"wp:attachment":[{"href":"https:\/\/lorenalupu.com\/blog\/wp-json\/wp\/v2\/media?parent=19265"}],"wp:term":[{"taxonomy":"category","embeddable":true,"href":"https:\/\/lorenalupu.com\/blog\/wp-json\/wp\/v2\/categories?post=19265"},{"taxonomy":"post_tag","embeddable":true,"href":"https:\/\/lorenalupu.com\/blog\/wp-json\/wp\/v2\/tags?post=19265"}],"curies":[{"name":"wp","href":"https:\/\/api.w.org\/{rel}","templated":true}]}}