{"id":21735,"date":"2021-05-08T09:29:35","date_gmt":"2021-05-08T06:29:35","guid":{"rendered":"https:\/\/lorenalupu.com\/blog\/?p=21735"},"modified":"2021-05-08T09:43:04","modified_gmt":"2021-05-08T06:43:04","slug":"profi-discriminarea-etnica","status":"publish","type":"post","link":"https:\/\/lorenalupu.com\/blog\/profi-discriminarea-etnica\/","title":{"rendered":"Profi \u0219i discriminarea etnic\u0103"},"content":{"rendered":"<p>C\u00e2nd vine vorba de \u021ainutul Secuiesc, de unde vin \u0219i eu, cli\u0219eul preferat pe care \u00eel plimb\u0103 na\u021bionali\u0219tii toxici e c\u0103 ar fi cerut p\u00e2ine \u0219i li s-a r\u0103spuns cu &#8220;nu \u015ftim rom\u00e2ne\u015fte&#8221;. Chiar \u00een diminea\u0163a asta, c\u00e2nd \u00eemi beam cafeaua \u015fi am intrat pe Facebook, prima postare pe care am v\u0103zut-o era a fratelui meu, care se certa de zor cu un cont fake care insista agasant cum c\u0103 a vrut p\u00e2ine \u015fi cum c\u0103 n-a fost servit \u00een \u0163\u0103ri\u015foara lui.<\/p>\n<p>Faptul c\u0103 mereu e vorba numai de p\u00e2ine e ilar \u00een sine. Sf\u00e2ntu Gheorghe, jude\u0163ul Covasna, e renumit pentru brut\u0103riile sale, iar p\u00e2inea cu cartofi, aia mare, cu coaja scuturat\u0103, se g\u0103se\u015fte \u00een multe magazine de specialit\u0103\u0163i \u00een Bucure\u015fti. Realitatea situa\u0163iei e c\u0103 nu doar c\u0103 ungurii nu te vor refuza c\u00e2nd vrei p\u00e2ine, ci dimpotriv\u0103, \u0163i-o \u015fi aduc la Bucure\u015fti, c\u0103 mul\u0163i din asta tr\u0103iesc.<\/p>\n<p>Dar cei care perpetueaz\u0103 acest cli\u015feu omit cu bun\u0103 \u015ftiin\u0163\u0103 fa\u0163a opus\u0103 a monedei: nivelul de umilin\u0163\u0103 pe care trebuie s\u0103-l \u00eendure etnicii unguri, care locuiesc \u00een Mure\u015f, Harghita \u015fi Covasna de secole \u00eentregi, \u015fi prin munca lor, au creat tot ce e de valoare \u00een aceste regiuni &#8211; iar cine nu m\u0103 crede, c\u0103 compare casa de c\u0103r\u0103mid\u0103 a unui etnic ungur cu bordeiul de chirpici pe care \u00eel iau inunda\u0163iile \u00een fiecare an \u00een alte regiuni.<\/p>\n<p>Etnicii unguri locuiesc de secole \u00een acele regiuni, au ridicat sate \u015fi ora\u015fe frumoase, \u015fi au o cultur\u0103 de sine st\u0103t\u0103toare.<\/p>\n<p>Apoi, a venit \u00eent\u00e2i Ceau\u015fescu cu \u00eentreprinderile, iar dup\u0103 c\u0103derea comunismului, corpora\u0163iile cu sucursalele. \u015ei au f\u0103cut aceea\u015fi gre\u015feal\u0103: au trimis c\u00e2te un ciumpalac de Bucure\u015fti s\u0103 taie \u015fi s\u0103 sp\u00e2nzure. \u0102sta, inapt s\u0103 \u00een\u0163eleag\u0103 cultura local\u0103 \u015fi dotat cu sindromul \u015fefiei bru\u015fte, cu apuc\u0103turi de scroaf\u0103 urcat\u0103-n copac, cu ignoran\u0163\u0103 \u015fi cu bagaj de cli\u015fee de genul &#8220;am cerut p\u00e2ine \u015fi etc&#8221;, s-a apucat s\u0103 persecute angaja\u0163ii unguri.<\/p>\n<p>Pe vremea lui Ceau\u015fescu, nu se putea face dreptate pe cale oficial\u0103, politica de rom\u00e2nizare for\u0163at\u0103 era impus\u0103 pe linie de partid \u015fi dac\u0103 te opuneai, te trezeai expediat la canalul Dun\u0103re &#8211; Marea Neagr\u0103, s\u0103 construie\u015fti magistrala albastr\u0103, drum de ape \u015fi vis.<\/p>\n<p>Acum, \u00eens\u0103, \u00een 2021, e absolut inadmisibil ca un manager de unitate s\u0103 interzic\u0103 limba maghiar\u0103 \u00een incinta magazinului Profi Sf\u00e2ntu Gheorghe, \u00een condi\u0163iile \u00een care 90% din cump\u0103r\u0103tori sunt unguri. Nici m\u0103car nu vorbesc despre drepturile angaja\u0163ilor. Vorbesc despre cine intr\u0103 propriu-zis \u00een magazin, \u00ee\u015fi face shoppingul la tine \u015fi, prin banii pe care \u00eei pl\u0103te\u015fte la cas\u0103, \u00ee\u0163i asigur\u0103 salariul pe luna \u00een curs.<\/p>\n<p>A\u015fa cum 70% din cititorimea acestui site e format\u0103 din fete \u015fi femei, \u015fi o eventual\u0103 retoric\u0103 misogin\u0103 ar fi contra propriului interes, a\u015fa \u015fi \u015fovinismul ad-hoc al gigelului numit, nu se \u015ftie pe ce baz\u0103, manager, e \u00eempotriva intereselor companiei.<\/p>\n<p>Ca dovad\u0103, \u00eendemnurile la boicot la adresa lui Profi r\u0103sp\u00e2ndite \u00een tot Ardealul. Bine, la Cluj sau la Bra\u015fov, nu se va sim\u0163i prea mult diferen\u0163a, dar \u00een cele trei jude\u0163e, dac\u0103 nu mai ai clien\u0163i unguri, po\u0163i s\u0103 pui deja lac\u0103tul pe u\u015f\u0103, preventiv.<\/p>\n<p>Profi a \u015fi reac\u0163ionat cu un comunicat de pres\u0103 gol de informa\u0163ie \u015fi corect politic: ne vom educa angaja\u0163ii \u00een spiritul diversit\u0103\u0163ii blabla. Dar asta nu r\u0103spunde la singura \u00eentrebare care conteaz\u0103. \u015ei, cum eu sunt o fat\u0103 dornic\u0103 s\u0103 ajute, o pun eu.<\/p>\n<p>Profi, asta cu educarea angaja\u0163ilor e tardiv\u0103. Ca dovad\u0103, faptul c\u0103 \u00een 2021, un gorobete ca individul pe care l-ai plasat \u00een Sf\u00e2ntu Gheorghe a ajuns s\u0103 cread\u0103 c\u0103 are autoritatea s\u0103 dea asemenea directive.<\/p>\n<p>Ce ne intereseaz\u0103, de fapt, \u015fi singura \u00eentrebare care conteaz\u0103, este:<\/p>\n<p>AI<\/p>\n<p>CONCEDIAT<\/p>\n<p>JAVRA?<\/p>\n<p>Asta vrem s\u0103 \u015ftim, Profi.<\/p>\n<p>\u015ei ca idee: \u00een regiunile cu densitate mare de popula\u0163ie apar\u0163in\u00e2nd unei anumite etnii, pune manager din etnia respectiv\u0103. \u0102la va \u015fti \u015fi cum s\u0103 comunice cu echipa, \u015fi ce \u00ee\u015fi doresc clien\u0163ii &#8211; sl\u0103nin\u0103 cu ceap\u0103 ro\u015fie, basically &#8211; \u015fi cum s\u0103 te ajute s\u0103 \u00ee\u0163i cre\u015fti afacerea a\u015fa cum \u00ee\u0163i dore\u015fti.<\/p>\n<p>O simpl\u0103 diplom\u0103 la ASE nu face pe nimeni manager. Iar m\u0103sura aia nu e doar absurd\u0103, \u015fovin\u0103 \u015fi toxic\u0103: mai \u015fi ilustreaz\u0103 c\u0103 ciumpaletele \u0103la nu are ce c\u0103uta \u00een comer\u0163. F\u0103-\u0163i o favoare, Profi. Zboar\u0103-l pe agarici. Nu doar c\u0103 \u00ee\u0163i rec\u00e2\u015ftigi clientela, nu doar c\u0103 dai un exemplu de pozi\u0163ie ferm\u0103 anti discriminare, ci mai \u015fi scapi de un c*cat cu ochi cu zero competen\u0163e comerciale.<\/p>\n<p>\u015ei dau ca exemplu buticurile arabilor din pia\u0163a de l\u00e2ng\u0103 mine. M\u0103 \u00eent\u00e2mpin\u0103 mereu cu un z\u00e2mbet, de\u015fi sunt femeie, \u015fi dup\u0103 religia lor, o form\u0103 irelevant\u0103 de via\u0163\u0103. Dup\u0103 Pa\u015fte, mi-au zis Cristos a \u00eenviat, de\u015fi ei sunt musulmani. Dar eu eram st\u0103p\u00e2na banilor care le vor intra \u00een magazin dac\u0103 m\u0103 p\u0103streaz\u0103 de client\u0103.<\/p>\n<p>Asta \u00eenseamn\u0103, drag\u0103 Profi, s\u0103 fii manager de magazin. \u015ei pariez c\u0103 domnii respectivi nu au diplom\u0103 la ASE. Doar o \u00een\u0163elegere profund\u0103 \u015fi aplicat\u0103 a ceea ce au de f\u0103cut.<\/p>\n<p>Vrem s\u0103 \u015ftim c\u0103 l-ai concediat pe limbric, Profi. Asta vrem s\u0103 vedem \u00een comunicatul t\u0103u de pres\u0103. &#8220;Conducerea magazinului a rupt colaborarea cu angaja\u0163ii ale c\u0103ror ac\u0163iuni contravin spiritului democra\u0163iei \u015fi diversit\u0103\u0163ii&#8221;.<\/p>\n<p>Pe boul \u0103la oricum nu mai ai cum s\u0103-l mai educi, Profi. A e\u015fuat m\u0103-sa, a e\u015fuat via\u0163a p\u00e2n\u0103 \u00een acest punct. Team building-ul t\u0103u de trei zile la Sinaia pe tema &#8220;Cum \u00eembr\u0103\u0163i\u015f\u0103m diversitatea la locul de munc\u0103&#8221; va fi doar o ocazie s\u0103 caute s\u0103 aga\u0163e \u015fi el ceva pe banii companiei.<\/p>\n<p>Concediaz\u0103-l direct. Minimizeaz\u0103 pierderile.<\/p>\n<p>***<\/p>\n<p>Dac\u0103 v-a pl\u0103cut acest text, pute\u021bi sus\u0163ine activitatea siteului cu o dona\u0163ie.<\/p>\n<p><a href=\"http:\/\/paypal.me\/Trollywood\"><img loading=\"lazy\" decoding=\"async\" class=\"alignnone size-medium wp-image-14577 jetpack-lazy-image jetpack-lazy-image--handled\" src=\"https:\/\/i2.wp.com\/lorenalupu.com\/blog\/wp-content\/uploads\/2018\/03\/cafea-300x300.jpg?resize=300%2C300\" sizes=\"auto, (max-width: 300px) 100vw, 300px\" srcset=\"https:\/\/i1.wp.com\/lorenalupu.com\/blog\/wp-content\/uploads\/2018\/03\/cafea.jpg?resize=300%2C300&amp;ssl=1 300w, https:\/\/i1.wp.com\/lorenalupu.com\/blog\/wp-content\/uploads\/2018\/03\/cafea.jpg?resize=150%2C150&amp;ssl=1 150w, https:\/\/i1.wp.com\/lorenalupu.com\/blog\/wp-content\/uploads\/2018\/03\/cafea.jpg?resize=768%2C768&amp;ssl=1 768w, https:\/\/i1.wp.com\/lorenalupu.com\/blog\/wp-content\/uploads\/2018\/03\/cafea.jpg?resize=160%2C160&amp;ssl=1 160w, https:\/\/i1.wp.com\/lorenalupu.com\/blog\/wp-content\/uploads\/2018\/03\/cafea.jpg?resize=320%2C320&amp;ssl=1 320w, https:\/\/i1.wp.com\/lorenalupu.com\/blog\/wp-content\/uploads\/2018\/03\/cafea.jpg?resize=184%2C184&amp;ssl=1 184w, https:\/\/i1.wp.com\/lorenalupu.com\/blog\/wp-content\/uploads\/2018\/03\/cafea.jpg?resize=600%2C600&amp;ssl=1 600w, https:\/\/i1.wp.com\/lorenalupu.com\/blog\/wp-content\/uploads\/2018\/03\/cafea.jpg?resize=100%2C100&amp;ssl=1 100w, https:\/\/i1.wp.com\/lorenalupu.com\/blog\/wp-content\/uploads\/2018\/03\/cafea.jpg?w=931&amp;ssl=1 931w\" alt=\"\" width=\"300\" height=\"300\" data-lazy-loaded=\"1\" \/><\/a><\/p>\n<p>***<br \/>\nVrei s\u0103 m\u0103 urm\u0103re\u015fti \u00een social media? \u00cemi po\u0163i da like pe\u00a0<a href=\"https:\/\/www.facebook.com\/lorenaalmighty\/\"><strong>Facebook<\/strong><\/a>, follow pe\u00a0<strong><a href=\"https:\/\/twitter.com\/lorenalupu\">Twitter<\/a><\/strong>\u00a0\u015fi\u00a0<strong><a href=\"https:\/\/www.instagram.com\/lorena.lup\/\">Instagram<\/a><\/strong>, subscribe pe\u00a0<strong><a href=\"https:\/\/www.youtube.com\/channel\/UCCHBtHi6S2GlUFqETH70cjQ\">YouTube<\/a><\/strong>.<\/p>\n<p>***<\/p>\n<p>Ascult\u0103 Jet pe\u00a0<strong><a href=\"https:\/\/open.spotify.com\/album\/3ahSP7bHbzcKsWtGDdzRLK\">Spotify<\/a><\/strong>, cump\u0103r\u0103 piesa pe\u00a0<a href=\"https:\/\/music.apple.com\/album\/id\/1497428911\"><strong>iTunes<\/strong><\/a>\u00a0sau pe\u00a0<a href=\"https:\/\/www.amazon.com\/Jet\/dp\/B084DZ4W5J\"><strong>Amazon Music<\/strong><\/a>.<\/p>\n<p>&nbsp;<\/p>\n","protected":false},"excerpt":{"rendered":"<p>C\u00e2nd vine vorba de \u021ainutul Secuiesc, de unde vin \u0219i eu, cli\u0219eul preferat pe care \u00eel plimb\u0103 na\u021bionali\u0219tii toxici e c\u0103 ar fi cerut&#46;&#46;&#46;<\/p>\n","protected":false},"author":2,"featured_media":21736,"comment_status":"open","ping_status":"open","sticky":false,"template":"","format":"standard","meta":{"jetpack_post_was_ever_published":false,"_jetpack_newsletter_access":"","_jetpack_dont_email_post_to_subs":false,"_jetpack_newsletter_tier_id":0,"_jetpack_memberships_contains_paywalled_content":false,"_jetpack_memberships_contains_paid_content":false,"footnotes":"","jetpack_publicize_message":"","jetpack_publicize_feature_enabled":true,"jetpack_social_post_already_shared":true,"jetpack_social_options":{"image_generator_settings":{"template":"highway","default_image_id":0,"font":"","enabled":false},"version":2}},"categories":[1],"tags":[],"class_list":["post-21735","post","type-post","status-publish","format-standard","has-post-thumbnail","hentry","category-spicy"],"jetpack_publicize_connections":[],"jetpack_featured_media_url":"https:\/\/i0.wp.com\/lorenalupu.com\/blog\/wp-content\/uploads\/2021\/05\/shopping-4974313_640.jpg?fit=640%2C427&ssl=1","jetpack_sharing_enabled":true,"jetpack_likes_enabled":true,"_links":{"self":[{"href":"https:\/\/lorenalupu.com\/blog\/wp-json\/wp\/v2\/posts\/21735","targetHints":{"allow":["GET"]}}],"collection":[{"href":"https:\/\/lorenalupu.com\/blog\/wp-json\/wp\/v2\/posts"}],"about":[{"href":"https:\/\/lorenalupu.com\/blog\/wp-json\/wp\/v2\/types\/post"}],"author":[{"embeddable":true,"href":"https:\/\/lorenalupu.com\/blog\/wp-json\/wp\/v2\/users\/2"}],"replies":[{"embeddable":true,"href":"https:\/\/lorenalupu.com\/blog\/wp-json\/wp\/v2\/comments?post=21735"}],"version-history":[{"count":2,"href":"https:\/\/lorenalupu.com\/blog\/wp-json\/wp\/v2\/posts\/21735\/revisions"}],"predecessor-version":[{"id":21738,"href":"https:\/\/lorenalupu.com\/blog\/wp-json\/wp\/v2\/posts\/21735\/revisions\/21738"}],"wp:featuredmedia":[{"embeddable":true,"href":"https:\/\/lorenalupu.com\/blog\/wp-json\/wp\/v2\/media\/21736"}],"wp:attachment":[{"href":"https:\/\/lorenalupu.com\/blog\/wp-json\/wp\/v2\/media?parent=21735"}],"wp:term":[{"taxonomy":"category","embeddable":true,"href":"https:\/\/lorenalupu.com\/blog\/wp-json\/wp\/v2\/categories?post=21735"},{"taxonomy":"post_tag","embeddable":true,"href":"https:\/\/lorenalupu.com\/blog\/wp-json\/wp\/v2\/tags?post=21735"}],"curies":[{"name":"wp","href":"https:\/\/api.w.org\/{rel}","templated":true}]}}