{"id":22858,"date":"2022-01-28T11:46:29","date_gmt":"2022-01-28T08:46:29","guid":{"rendered":"https:\/\/lorenalupu.com\/blog\/?p=22858"},"modified":"2022-01-28T11:46:30","modified_gmt":"2022-01-28T08:46:30","slug":"politicienii-violenti","status":"publish","type":"post","link":"https:\/\/lorenalupu.com\/blog\/politicienii-violenti\/","title":{"rendered":"Politicienii violen\u021bi"},"content":{"rendered":"\n<p>Ieri, Dacian Ciolo\u0219 a scris despre Felicia Ienculescu &#8211; Popovici, consilierul USR amenin\u021bat \u0219i bruscat fizic de consilierii locali ai altor partide. Femeia a filmat incidentul, cel pu\u021bin p\u00e2n\u0103 \u00een punctul \u00een care i-a fost smuls telefonul \u0219i a fost tr\u00e2ntit\u0103 pe jos. Am vrut s\u0103-l v\u0103d \u0219i eu, l-am c\u0103utat pe YouTube \u0219i mi s-a ridicat p\u0103rul \u00een cap. <\/p>\n\n\n\n<p>Modul \u00een care se comport\u0103 indivizii respectivi, consilieri PNL \u0219i PMP, cu colega lor, egala lor, ajuns\u0103 \u00een aceea\u0219i func\u021bie prin acela\u0219i proces de votare, e absolut incalificabil. \u00cencep\u00e2nd cu \u00eentreb\u0103rile personale agresive (de unde te prive\u0219te dac\u0103 e doamna c\u0103s\u0103torit\u0103 sau dac\u0103 are copii), continu\u00e2nd cu acuza\u021biile fantasmagorice (cum s\u0103 pun\u0103 ea presa s\u0103 \u00ee\u021bi sune familia? presa sun\u0103 din proprie ini\u021biativ\u0103, dac\u0103 vede un poten\u021bial subiect) \u0219i cu gaslightingul \u0103la agresiv: semna\u0163i, dar nu \u015fti\u0163i ce semna\u0163i, ignor\u00e2nd c\u0103 femeia i-a spus de vreo patru ori c\u0103 ea a printat documentele, care au fost \u00eentocmite pe computerul ei. \u015ei culmin\u00e2nd cu amenin\u0163\u0103rile \u015fi violen\u0163a fizic\u0103. Recunosc, eu pe la al treilea &#8220;semna\u0163i, dar nu \u015fti\u0163i ce semna\u0163i&#8221; care s\u0103 ignore senin informa\u0163ia pe care tocmai o furnizasem, l-a\u015f fi \u00eentrebat: b\u0103i, tataie, e\u015fti surd sau \u00ee\u015fi face alzheimerul ravagiile? n-ai auzit, f*tu-te-n botul \u0103la format dinte &#8211; gaur\u0103 &#8211; lips\u0103 &#8211; pauz\u0103, c\u0103 eu cu m\u00e2na mea am printat documentele?? Nu te mai repeta ca placa stricat\u0103, c\u0103 ri\u015fti s\u0103 r\u0103m\u00e2i a\u015fa. <\/p>\n\n\n\n<p>De asta nu intru eu \u00een politic\u0103. N-a\u015f tolera genul \u0103sta de comportament. A\u015f ajunge Vadim Tudor al doilea \u00een nici \u015fase luni. M-ar goni televiziunile s\u0103 culeag\u0103 perle \u015fi s\u0103 le fac\u0103 virale. <\/p>\n\n\n\n<p>Non\u015falan\u0163a absolut\u0103 a indivizilor, siguran\u0163a lor c\u0103 pot agresa relaxat \u015fi pot c\u0103lca \u00een picioare persoana cu care stau de vorb\u0103, denot\u0103 un singur lucru: convingerea absolut\u0103 c\u0103 au spatele asigurat \u015fi c\u0103 nu vor exista con<\/p>\n\n\n\n<p>Sper c\u0103 doamna a depus pl\u00e2ngere \u015fi la poli\u0163ie, \u015fi la tribunal, s\u0103 for\u0163eze partidele s\u0103 ia atitudine \u00eempotriva grobianismului \u015fi agresiunii. Pentru c\u0103 e nevoie de o schimbare major\u0103 de mentalitate. \u00cen politic\u0103. Unde diver\u015fi cocalari ajun\u015fi la putere devin \u015fi mai cocalari pentru c\u0103 puterea le spore\u015fte relaxarea. \u015ei \u00een via\u0163a de zi cu zi. Inclusiv pe pagina lui Ciolo\u015f, unde se presupune c\u0103 vin mai ales simpatizan\u0163i USR, care \u00een mod normal ar trebui s\u0103 str\u00e2ng\u0103 r\u00e2ndurile, multe comentarii sunt la modul E treaba poli\u0163iei, nu a noastr\u0103 \/ Dar how about diverse alte nenorociri recente, de ce scriem despre asta \u015fi nu despre alea \/ S\u0103 l\u0103s\u0103m tribunalul s\u0103-\u015fi fac\u0103 treaba. <\/p>\n\n\n\n<p>\u00cen continuare, o gr\u0103mad\u0103 de indivizi nu v\u0103d nici o problem\u0103 cu o femeie abuzat\u0103 \u015fi brutalizat\u0103, consider\u0103 c\u0103 nu e cazul s\u0103 empatizeze \u015fi c\u0103 e o problem\u0103 minor\u0103, neglijabil\u0103. <\/p>\n\n\n\n<p>Iar acest lucru trebuie schimbat. <\/p>\n\n\n\n<p>Sper din suflet ca doamna Felicia s\u0103 nu renun\u0163e \u015fi s\u0103 \u00ee\u015fi fac\u0103 dreptate. <\/p>\n\n\n\n<p>Altfel, at\u00e2tea gui\u0163\u0103toare care abereaz\u0103 c\u0103 valorile vestului te fac sclav \u015fi \u00ee\u0163i \u00eencalc\u0103 demnitatea nu v\u0103d cum ni\u015fte boi o trateaz\u0103 pe egala lor \u00een func\u0163ie ca pe o sclav\u0103 \u015fi cum comportamentul lor de gorile misecuveniste coco\u0163ate cu pile \u00een v\u00e2rful bananierului \u00eei \u00eencalc\u0103 acesteia taman demnitatea. <\/p>\n\n\n\n<p>\u015ei la final, subliniez: e absolut irelevant pentru mine de la ce partid e doamna \u015fi de la ce partid sunt agresorii. Acest comportament TREBUIE penalizat corespunz\u0103tor. <\/p>\n\n\n\n<figure class=\"wp-block-embed is-type-video is-provider-youtube wp-block-embed-youtube wp-embed-aspect-16-9 wp-has-aspect-ratio\"><div class=\"wp-block-embed__wrapper\">\n<div class=\"video-container\"><span class=\"embed-youtube\" style=\"text-align:center; display: block;\"><iframe loading=\"lazy\" class=\"youtube-player\" width=\"700\" height=\"394\" src=\"https:\/\/www.youtube.com\/embed\/-tl6ZEWgB6g?version=3&#038;rel=1&#038;showsearch=0&#038;showinfo=1&#038;iv_load_policy=1&#038;fs=1&#038;hl=en-US&#038;autohide=2&#038;wmode=transparent\" allowfullscreen=\"true\" style=\"border:0;\" sandbox=\"allow-scripts allow-same-origin allow-popups allow-presentation allow-popups-to-escape-sandbox\"><\/iframe><\/span><\/div>\n<\/div><\/figure>\n\n\n\n<p><\/p>\n\n\n\n<p>***<\/p>\n\n\n\n<p>Dac\u0103 \u0163i-a pl\u0103cut acest articol,&nbsp;<strong><a href=\"http:\/\/paypal.me\/Trollywood\">sus\u0163ine site-ul cu o dona\u0163ie<\/a>.<\/strong><\/p>\n\n\n\n<figure class=\"wp-block-image\"><a href=\"http:\/\/paypal.me\/Trollywood\"><img loading=\"lazy\" decoding=\"async\" width=\"300\" height=\"300\" src=\"https:\/\/i1.wp.com\/lorenalupu.com\/blog\/wp-content\/uploads\/2018\/03\/cafea-300x300.jpg?resize=300%2C300\" alt=\"\" class=\"wp-image-14577\" srcset=\"https:\/\/i0.wp.com\/lorenalupu.com\/blog\/wp-content\/uploads\/2018\/03\/cafea.jpg?resize=300%2C300&amp;ssl=1 300w, https:\/\/i0.wp.com\/lorenalupu.com\/blog\/wp-content\/uploads\/2018\/03\/cafea.jpg?resize=150%2C150&amp;ssl=1 150w, https:\/\/i0.wp.com\/lorenalupu.com\/blog\/wp-content\/uploads\/2018\/03\/cafea.jpg?resize=768%2C768&amp;ssl=1 768w, https:\/\/i0.wp.com\/lorenalupu.com\/blog\/wp-content\/uploads\/2018\/03\/cafea.jpg?resize=160%2C160&amp;ssl=1 160w, https:\/\/i0.wp.com\/lorenalupu.com\/blog\/wp-content\/uploads\/2018\/03\/cafea.jpg?resize=320%2C320&amp;ssl=1 320w, https:\/\/i0.wp.com\/lorenalupu.com\/blog\/wp-content\/uploads\/2018\/03\/cafea.jpg?resize=184%2C184&amp;ssl=1 184w, https:\/\/i0.wp.com\/lorenalupu.com\/blog\/wp-content\/uploads\/2018\/03\/cafea.jpg?resize=600%2C600&amp;ssl=1 600w, https:\/\/i0.wp.com\/lorenalupu.com\/blog\/wp-content\/uploads\/2018\/03\/cafea.jpg?resize=100%2C100&amp;ssl=1 100w, https:\/\/i0.wp.com\/lorenalupu.com\/blog\/wp-content\/uploads\/2018\/03\/cafea.jpg?w=931&amp;ssl=1 931w\" sizes=\"auto, (max-width: 300px) 100vw, 300px\" \/><\/a><\/figure>\n\n\n\n<p>***<br>Vrei s\u0103 m\u0103 urm\u0103re\u015fti \u00een social media? \u00cemi po\u0163i da like pe&nbsp;<a href=\"https:\/\/www.facebook.com\/lorenaalmighty\/\"><strong>Facebook<\/strong><\/a>, follow pe&nbsp;<strong><a href=\"https:\/\/twitter.com\/lorenalupu\">Twitter<\/a><\/strong>&nbsp;\u015fi&nbsp;<strong><a href=\"https:\/\/www.instagram.com\/lorena.lup\/\">Instagram<\/a><\/strong>, subscribe pe&nbsp;<strong><a href=\"https:\/\/www.youtube.com\/channel\/UCCHBtHi6S2GlUFqETH70cjQ\">YouTube<\/a><\/strong>.<\/p>\n","protected":false},"excerpt":{"rendered":"<p>Ieri, Dacian Ciolo\u0219 a scris despre Felicia Ienculescu &#8211; Popovici, consilierul USR amenin\u021bat \u0219i bruscat fizic de consilierii locali ai altor partide. Femeia a&#46;&#46;&#46;<\/p>\n","protected":false},"author":2,"featured_media":22859,"comment_status":"open","ping_status":"open","sticky":false,"template":"","format":"standard","meta":{"jetpack_post_was_ever_published":false,"_jetpack_newsletter_access":"","_jetpack_dont_email_post_to_subs":false,"_jetpack_newsletter_tier_id":0,"_jetpack_memberships_contains_paywalled_content":false,"_jetpack_memberships_contains_paid_content":false,"footnotes":"","jetpack_publicize_message":"","jetpack_publicize_feature_enabled":true,"jetpack_social_post_already_shared":true,"jetpack_social_options":{"image_generator_settings":{"template":"highway","default_image_id":0,"font":"","enabled":false},"version":2}},"categories":[1],"tags":[],"class_list":["post-22858","post","type-post","status-publish","format-standard","has-post-thumbnail","hentry","category-spicy"],"jetpack_publicize_connections":[],"jetpack_featured_media_url":"https:\/\/i0.wp.com\/lorenalupu.com\/blog\/wp-content\/uploads\/2022\/01\/felicia-ienculescu-popovici-usr-mogosoaia.jpg?fit=1200%2C1200&ssl=1","jetpack_sharing_enabled":true,"jetpack_likes_enabled":true,"_links":{"self":[{"href":"https:\/\/lorenalupu.com\/blog\/wp-json\/wp\/v2\/posts\/22858","targetHints":{"allow":["GET"]}}],"collection":[{"href":"https:\/\/lorenalupu.com\/blog\/wp-json\/wp\/v2\/posts"}],"about":[{"href":"https:\/\/lorenalupu.com\/blog\/wp-json\/wp\/v2\/types\/post"}],"author":[{"embeddable":true,"href":"https:\/\/lorenalupu.com\/blog\/wp-json\/wp\/v2\/users\/2"}],"replies":[{"embeddable":true,"href":"https:\/\/lorenalupu.com\/blog\/wp-json\/wp\/v2\/comments?post=22858"}],"version-history":[{"count":1,"href":"https:\/\/lorenalupu.com\/blog\/wp-json\/wp\/v2\/posts\/22858\/revisions"}],"predecessor-version":[{"id":22860,"href":"https:\/\/lorenalupu.com\/blog\/wp-json\/wp\/v2\/posts\/22858\/revisions\/22860"}],"wp:featuredmedia":[{"embeddable":true,"href":"https:\/\/lorenalupu.com\/blog\/wp-json\/wp\/v2\/media\/22859"}],"wp:attachment":[{"href":"https:\/\/lorenalupu.com\/blog\/wp-json\/wp\/v2\/media?parent=22858"}],"wp:term":[{"taxonomy":"category","embeddable":true,"href":"https:\/\/lorenalupu.com\/blog\/wp-json\/wp\/v2\/categories?post=22858"},{"taxonomy":"post_tag","embeddable":true,"href":"https:\/\/lorenalupu.com\/blog\/wp-json\/wp\/v2\/tags?post=22858"}],"curies":[{"name":"wp","href":"https:\/\/api.w.org\/{rel}","templated":true}]}}