{"id":22897,"date":"2022-02-08T10:41:13","date_gmt":"2022-02-08T07:41:13","guid":{"rendered":"https:\/\/lorenalupu.com\/blog\/?p=22897"},"modified":"2022-02-08T10:41:14","modified_gmt":"2022-02-08T07:41:14","slug":"pnl-si-vitejia","status":"publish","type":"post","link":"https:\/\/lorenalupu.com\/blog\/pnl-si-vitejia\/","title":{"rendered":"PNL \u015fi vitejia"},"content":{"rendered":"\n<p>\u015ei c\u00e2nd m\u0103 g\u00e2ndesc c\u0103 odinioar\u0103, c\u00e2nd eram inocent\u0103, virgin\u0103 \u015fi fraged\u0103, ca floarea de cire\u015f a lui Mihai Eminescu, votam cu PNL. M\u0103 cuprinde jalea. <\/p>\n\n\n\n<p>Ce mai e nou pe linia PNL, \u00een afar\u0103 de faptul c\u0103 le-au servit celor de la PSD pe tav\u0103 actuala guvernare, probabil \u015fi pe urm\u0103toarea, mai ales c\u0103 gelozia lor fa\u0163\u0103 de USR nu i-a l\u0103sat nicicum s\u0103 convie\u0163uiasc\u0103 \u00een pace? <\/p>\n\n\n\n<p>Ca om \u00eendelung h\u0103r\u0163uit \u00een via\u0163\u0103, eu nu confund niciodat\u0103 partea care ini\u0163iaz\u0103 de partea care \u00eencaseaz\u0103, \u015fi nu pun niciodat\u0103 semnul egal. \u015ei, \u00eenc\u0103 de c\u00e2nd a ap\u0103rut USR, PNL a manifestat o gelozie cr\u00e2ncen\u0103 \u015fi mult exacerbat\u0103, de pro***tuat\u0103 b\u0103tr\u00e2n\u0103 \u015fi cam trecut\u0103, care vede pe una t\u00e2n\u0103r\u0103 c\u0103 se a\u015faz\u0103 hodoronc-tronc pe strada ei. \u015ei r\u0103zboiul a fost cel mai vizibil pe Facebook. Unde postacii penelei \u015ficanau f\u0103r\u0103 cru\u0163are orice userist mic sau mare, apoi, dup\u0103 ce ace\u015ftia ripostau, \u00eencepeau s\u0103 se victimizeze \u015fi s\u0103 se jeluiasc\u0103 precum o hait\u0103 de bocitoare: v\u0103leu, v\u0103leeeleeeeu, fanatismul userist \u015fi ura lor, ce ne facem. <\/p>\n\n\n\n<p>Evident, USR a tolerat c\u00e2t a tolerat, apoi a ie\u015fit de la guvernare \u015fi, evident, cu cine s-a format coali\u0163ia nou\u0103? Cu PSD. Partidul <strong>\u00eempotriva <\/strong>c\u0103ruia votaser\u0103 to\u0163i cei care aleseser\u0103 partide a\u015fa-zis de dreapta. E gestul prin care PNL \u00ee\u015fi semneaz\u0103 decesul politic. E ok, \u00eenjura\u0163i-m\u0103 \u00een comentarii. Nici m\u0103car nu v\u0103 r\u0103spund, v\u0103 vor r\u0103spunde alegerile care vin. <\/p>\n\n\n\n<p>Ca orice partid \u00een stare profund\u0103 de criz\u0103, PNL se comport\u0103 \u00een ultima vreme cu o intens\u0103 agresivitate. V\u0103 aminti\u0163i. Scena din Consiliul Local Mogo\u015foaia unde un PNList amenin\u0163a o coleg\u0103 USR-ist\u0103 c\u0103 o pune \u00een scaun cu rotile. Faza de la Bra\u015fov unde un alt lider penelist desena o politician\u0103 userist\u0103 cu ochiul \u00eenvine\u0163it,  suger\u00e2nd c\u0103 i-ar sta bine abuzat\u0103 fizic. <\/p>\n\n\n\n<p>\u015ei pe mine m-au \u0163inut \u00een provoc\u0103ri s\u0103pt\u0103m\u00e2na trecut\u0103 ni\u015fte gigei peneli\u015fti, unii care p\u00e2n\u0103 s\u0103 dea arama pe fa\u0163\u0103, erau \u00een list\u0103. No problem, eu nu mai \u00eenjur pe Facebook, ca s\u0103 nu aib\u0103 nimeni pe ce s\u0103 m\u0103 raporteze. Doar raportez eu pentru h\u0103r\u0163uire \u015fi limbaj instigator la ur\u0103. <\/p>\n\n\n\n<p>\u00cen fond, genul acesta de violen\u0163\u0103 nefondat\u0103 e specific oamenilor afla\u0163i la ananghie \u015fi vorbe\u015fte despre ei, nu despre mine. <\/p>\n\n\n\n<p>Dar ieri sear\u0103, dup\u0103 ce a tot f\u0103cut \u015ftiri prin atitudine violent\u0103 fa\u0163\u0103 de femei, PNL-ului i s-a oferit ocazia s\u0103 etaleze voinicia, \u00een tr\u00e2nt\u0103 dreapt\u0103 cu cineva de acela\u015fi calibru. <\/p>\n\n\n\n<p>George Simion, liderul AUR, l-a atacat fizic pe ministrul energiei, Virgil Popescu. \u00cen Parlament. \u00cen tribun\u0103, \u00een timpul speechului. Cu \u00eembr\u00e2nceal\u0103, cu \u00eenjur\u0103turi, cu acuza\u0163ii de ho\u0163ie, cu tot tac\u00e2mul. <\/p>\n\n\n\n<p>\u015ei surpriz\u0103. <\/p>\n\n\n\n<p>De unde debordau de voinicie \u015fi ferocitate c\u00e2nd vine vorba de femei, subit, PNL, confrunta\u0163i de un purt\u0103tor de p***, au fost cuprin\u015fi de un smiorc nesf\u00e2r\u015fit \u015fi sf\u00e2\u015fietor, Virgil Popescu a \u00eentrerupt speechul \u015fi a p\u0103r\u0103sit \u015fedin\u0163a, decret\u00e2nd c\u0103 va continua pe mail, unde nu risc\u0103 una \u00een frez\u0103, \u015fi \u00eentreg PNL pl\u00e2nge \u00een cor pe Facebook, povestindu-ne c\u00e2t de medieval\u0103 \u015fi de lipsit\u0103 de stil e violen\u0163a. \u00cen special c\u00e2nd nu e\u015fti tu ini\u0163iatorul \u015fi \u00een special c\u00e2nd ini\u0163iatorul e un gigel (la propriu, nu degeaba \u00eel cheam\u0103 George) care pare c\u0103 va da, nu se va juca. <\/p>\n\n\n\n<p>Pl\u00e2ngere penal\u0103, a\u015fa nu se mai poate, smiorc \u015fi iar smiorc. <\/p>\n\n\n\n<p>Dar c\u00e2nd o picta\u0163i pe fata din Bra\u015fov cu ochiul v\u00e2n\u0103t, sau c\u00e2nd o tr\u0103gea\u0163i de br\u0103cinari pe fata din Mogo\u015foaia se putea, nu-i a\u015fa, PNL? <\/p>\n\n\n\n<p>Tsss, ce \u0163i-e cu vitejia asta nest\u0103p\u00e2nit\u0103 de arm\u0103sari nechez\u0103tori, dar numai c\u00e2nd combatan\u0163ii sunt femei. \u015ei cum se transform\u0103 ea \u00een c**care pe sine format \u00eempr\u0103\u015ftiat \u015fi multicolor, de cum combatantul e un agarici autentic. <\/p>\n\n\n\n<p>Am r\u00e2s ieri de incidentul din Parlament de am le\u015finat. Bravo, PNL. Cam at\u00e2t cu vitejia voastr\u0103. Dac\u0103 \u00eel mai apuc\u0103 talentele limbistice (aka hau-haul) pe vreunul dintre voi \u00een sec\u0163iunea mea de comentarii, o s\u0103-i dau tag lui George Simion. <\/p>\n\n\n\n<p>E aproape amuzant cum v\u0103 face s\u0103 pl\u00e2nge\u0163i ca un cor de domni\u015foare poc\u0103ite. <\/p>\n\n\n\n<p>Foto: Inquam Photos \/ Ilona Andrei. <\/p>\n\n\n\n<p>***<\/p>\n\n\n\n<p>Dac\u0103 \u0163i-a pl\u0103cut acest articol,&nbsp;<strong><a href=\"http:\/\/paypal.me\/Trollywood\">sus\u0163ine site-ul cu o dona\u0163ie<\/a>.<\/strong><\/p>\n\n\n\n<figure class=\"wp-block-image\"><a href=\"http:\/\/paypal.me\/Trollywood\"><img loading=\"lazy\" decoding=\"async\" width=\"300\" height=\"300\" src=\"https:\/\/i1.wp.com\/lorenalupu.com\/blog\/wp-content\/uploads\/2018\/03\/cafea-300x300.jpg?resize=300%2C300\" alt=\"\" class=\"wp-image-14577\" srcset=\"https:\/\/i0.wp.com\/lorenalupu.com\/blog\/wp-content\/uploads\/2018\/03\/cafea.jpg?resize=300%2C300&amp;ssl=1 300w, https:\/\/i0.wp.com\/lorenalupu.com\/blog\/wp-content\/uploads\/2018\/03\/cafea.jpg?resize=150%2C150&amp;ssl=1 150w, https:\/\/i0.wp.com\/lorenalupu.com\/blog\/wp-content\/uploads\/2018\/03\/cafea.jpg?resize=768%2C768&amp;ssl=1 768w, https:\/\/i0.wp.com\/lorenalupu.com\/blog\/wp-content\/uploads\/2018\/03\/cafea.jpg?resize=160%2C160&amp;ssl=1 160w, https:\/\/i0.wp.com\/lorenalupu.com\/blog\/wp-content\/uploads\/2018\/03\/cafea.jpg?resize=320%2C320&amp;ssl=1 320w, https:\/\/i0.wp.com\/lorenalupu.com\/blog\/wp-content\/uploads\/2018\/03\/cafea.jpg?resize=184%2C184&amp;ssl=1 184w, https:\/\/i0.wp.com\/lorenalupu.com\/blog\/wp-content\/uploads\/2018\/03\/cafea.jpg?resize=600%2C600&amp;ssl=1 600w, https:\/\/i0.wp.com\/lorenalupu.com\/blog\/wp-content\/uploads\/2018\/03\/cafea.jpg?resize=100%2C100&amp;ssl=1 100w, https:\/\/i0.wp.com\/lorenalupu.com\/blog\/wp-content\/uploads\/2018\/03\/cafea.jpg?w=931&amp;ssl=1 931w\" sizes=\"auto, (max-width: 300px) 100vw, 300px\" \/><\/a><\/figure>\n\n\n\n<p>***<br>Vrei s\u0103 m\u0103 urm\u0103re\u015fti \u00een social media? \u00cemi po\u0163i da like pe&nbsp;<a href=\"https:\/\/www.facebook.com\/lorenaalmighty\/\"><strong>Facebook<\/strong><\/a>, follow pe&nbsp;<strong><a href=\"https:\/\/twitter.com\/lorenalupu\">Twitter<\/a><\/strong>&nbsp;\u015fi&nbsp;<strong><a href=\"https:\/\/www.instagram.com\/lorena.lup\/\">Instagram<\/a><\/strong>, subscribe pe&nbsp;<strong><a href=\"https:\/\/www.youtube.com\/channel\/UCCHBtHi6S2GlUFqETH70cjQ\">YouTube<\/a><\/strong>.<\/p>\n\n\n\n<p> <\/p>\n","protected":false},"excerpt":{"rendered":"<p>\u015ei c\u00e2nd m\u0103 g\u00e2ndesc c\u0103 odinioar\u0103, c\u00e2nd eram inocent\u0103, virgin\u0103 \u015fi fraged\u0103, ca floarea de cire\u015f a lui Mihai Eminescu, votam cu PNL. M\u0103&#46;&#46;&#46;<\/p>\n","protected":false},"author":2,"featured_media":22899,"comment_status":"open","ping_status":"open","sticky":false,"template":"","format":"standard","meta":{"jetpack_post_was_ever_published":false,"_jetpack_newsletter_access":"","_jetpack_dont_email_post_to_subs":false,"_jetpack_newsletter_tier_id":0,"_jetpack_memberships_contains_paywalled_content":false,"_jetpack_memberships_contains_paid_content":false,"footnotes":"","jetpack_publicize_message":"","jetpack_publicize_feature_enabled":true,"jetpack_social_post_already_shared":true,"jetpack_social_options":{"image_generator_settings":{"template":"highway","default_image_id":0,"font":"","enabled":false},"version":2}},"categories":[1],"tags":[],"class_list":["post-22897","post","type-post","status-publish","format-standard","has-post-thumbnail","hentry","category-spicy"],"jetpack_publicize_connections":[],"jetpack_featured_media_url":"https:\/\/i0.wp.com\/lorenalupu.com\/blog\/wp-content\/uploads\/2022\/02\/Captura-de-ecran-2022-02-08-024444.png?fit=888%2C568&ssl=1","jetpack_sharing_enabled":true,"jetpack_likes_enabled":true,"_links":{"self":[{"href":"https:\/\/lorenalupu.com\/blog\/wp-json\/wp\/v2\/posts\/22897","targetHints":{"allow":["GET"]}}],"collection":[{"href":"https:\/\/lorenalupu.com\/blog\/wp-json\/wp\/v2\/posts"}],"about":[{"href":"https:\/\/lorenalupu.com\/blog\/wp-json\/wp\/v2\/types\/post"}],"author":[{"embeddable":true,"href":"https:\/\/lorenalupu.com\/blog\/wp-json\/wp\/v2\/users\/2"}],"replies":[{"embeddable":true,"href":"https:\/\/lorenalupu.com\/blog\/wp-json\/wp\/v2\/comments?post=22897"}],"version-history":[{"count":3,"href":"https:\/\/lorenalupu.com\/blog\/wp-json\/wp\/v2\/posts\/22897\/revisions"}],"predecessor-version":[{"id":22901,"href":"https:\/\/lorenalupu.com\/blog\/wp-json\/wp\/v2\/posts\/22897\/revisions\/22901"}],"wp:featuredmedia":[{"embeddable":true,"href":"https:\/\/lorenalupu.com\/blog\/wp-json\/wp\/v2\/media\/22899"}],"wp:attachment":[{"href":"https:\/\/lorenalupu.com\/blog\/wp-json\/wp\/v2\/media?parent=22897"}],"wp:term":[{"taxonomy":"category","embeddable":true,"href":"https:\/\/lorenalupu.com\/blog\/wp-json\/wp\/v2\/categories?post=22897"},{"taxonomy":"post_tag","embeddable":true,"href":"https:\/\/lorenalupu.com\/blog\/wp-json\/wp\/v2\/tags?post=22897"}],"curies":[{"name":"wp","href":"https:\/\/api.w.org\/{rel}","templated":true}]}}