{"id":22904,"date":"2022-02-13T14:23:25","date_gmt":"2022-02-13T11:23:25","guid":{"rendered":"https:\/\/lorenalupu.com\/blog\/?p=22904"},"modified":"2022-02-13T14:23:26","modified_gmt":"2022-02-13T11:23:26","slug":"eurovision-romania-si-vietile-personale-ale-concurentilor","status":"publish","type":"post","link":"https:\/\/lorenalupu.com\/blog\/eurovision-romania-si-vietile-personale-ale-concurentilor\/","title":{"rendered":"Eurovision Rom\u00e2nia \u0219i vie\u021bile personale ale concuren\u021bilor"},"content":{"rendered":"\n<p>Prima \u00eentrebare legat\u0103 de acest articol ar putea fi, evident: pe cine mai intereseaz\u0103 Eurovision Rom\u00e2nia. R\u0103spuns: nu pe foarte mul\u021bi, dar acest lucru este gre\u0219it. Spre deosebire de diversele emisiuni concurs organizate de Pro, Antena \u0219i etc. DIN BANII LOR, \u00een calitate de companii private, TVR e post public, \u0219i prin urmare, respectivul concurs e finan\u021bat direct din impozitele fiec\u0103ruia dintre noi. <\/p>\n\n\n\n<p>Practic, tu pl\u0103te\u0219ti direct orice decizie, mai \u00een\u021beleapt\u0103 sau mai stupid\u0103, \u0219i tu endorsezi prin b\u0103nu\u021bii t\u0103i munci\u021bi din greu orice cuvin\u021bel rostit pe ecranul televiziunii na\u021bionale. <\/p>\n\n\n\n<p>Mkay. <\/p>\n\n\n\n<p>La Eurovision, a participat o trup\u0103 indie pe nume E-an-na. Comentac: cine-s \u0103ia. Dac\u0103 vrei s\u0103 afli, caut\u0103-i pe google, sau dac\u0103 vrei s\u0103 fiu secretara ta care \u00ee\u021bi caut\u0103 chestii pe google, pl\u0103te\u0219te-m\u0103. Pe scurt, ni\u0219te oameni tineri, ambi\u021bio\u0219i, care creeaz\u0103 muzic\u0103 \u00eentr-un stil care \u00eei exprim\u0103 pe ei, \u0219i judec\u00e2nd dup\u0103 faptul c\u0103 au adunat 10.000 de voturi ale publicului, nu doar pe ei. Una e s\u0103 recep\u021bionezi neimplicat ceea ce livreaz\u0103 un creator \u0219i e cu totul altceva s\u0103 determini spectatorul s\u0103 pun\u0103 m\u00e2na pe telefon \u0219i s\u0103 te voteze. <\/p>\n\n\n\n<p>Dar Eurovision are \u0219i un juriu. Juriu care, exact ca televiziunea \u00een sine, e pl\u0103tit din banii t\u0103i \u0219i ai mei. <\/p>\n\n\n\n<p>Motivul pentru care s-a legat juriul Eurovision de membrii trupei E-an-na? <\/p>\n\n\n\n<p><strong>Pentru c\u0103 au alte joburi, pe l\u00e2ng\u0103 muzic\u0103. <\/strong><\/p>\n\n\n\n<p>Da, frate. Dup\u0103 doi ani de pandemie, cu toate cluburile \u00eenchise, c\u00e2nd, av\u00e2nd \u00een vedere faptul c\u0103 nimeni nu mai vinde cd-uri, casete, etc., \u0219i nimeni nu mai cump\u0103r\u0103 albume, pentru c\u0103 nu ai de ce s\u0103 cumperi o pies\u0103 dac\u0103 o po\u021bi asculta la infinit pe deezer \/ spotify \/ vevo, \u0219i unicul venit al artistului de azi e presta\u021bia live, problema juriului Eurovision este faptul c\u0103 ni\u0219te concuren\u021bi s-au angajat, s\u0103 aib\u0103 bani pe care s\u0103-i bage \u00een muzic\u0103. <\/p>\n\n\n\n<p>Cine nu face muzic\u0103 nu \u00ee\u0219i d\u0103 seama c\u00e2t de scump e s\u0103 faci muzic\u0103. Indiferent dac\u0103 o faci pe instrumente live (luni interminabile de repeti\u021bii p\u00e2n\u0103 ajungi la un sound profesional), pe computer (luni interminabile de   lucru p\u00e2n\u0103 ajungi la un sound profesional) sau o combina\u021bie. Da, \u0219i luni interminabile de lucru p\u00e2n\u0103 ajungi la un sound profesional. Sala de repeti\u021bii presupune \u00eenc\u0103 o chirie \u0219i \u00eenc\u0103 ni\u0219te utilit\u0103\u021bi, studioul de \u00eenregistr\u0103ri \u00eenseamn\u0103 zeci de mii de euro, dac\u0103 \u00eel faci pe al t\u0103u, sau plat\u0103 la or\u0103, dac\u0103 tragi \u00een al altcuiva. <\/p>\n\n\n\n<p>Dac\u0103 vrei s\u0103 produci un spectacol live, echipamentele aferente cost\u0103 alte mii de euro, dac\u0103 le cumperi, sau o sum\u0103 care \u00ee\u021bi \u00eenghite mare parte din banii pe bilete, dac\u0103 le \u00eenchiriezi. Adaug\u0103 efectele speciale, costumele, valoarea de produc\u021bie a videoclipurilor, publicitatea online, \u0219i \u00ee\u021bi dai seama c\u0103, dac\u0103 pe tac-tu nu \u00eel cheam\u0103 Maticiuc, ai nevoie DISPERAT\u0102 de un job, s\u0103 po\u021bi finan\u021ba activitatea de trup\u0103 indie, \u00een special \u00een pandemie. <\/p>\n\n\n\n<p>\u00cen condi\u021biile astea, s\u0103 vin\u0103 un dobitoc s\u0103-\u021bi repro\u0219eze c\u0103 tu, ca artist, ai un job, nu e doar insensibilitate din aceea, de snoufleics smiorc\u0103itori, care se simt r\u0103ni\u021bi de microagresiuni. E o t\u00e2mpenie flagrant\u0103 \u0219i o ignorare cu rea voin\u021b\u0103 a contextului economic prezent. <\/p>\n\n\n\n<p>Da, la naiba, dac\u0103 nu te cheam\u0103 Holograf, ai nevoie de un job zilele astea, \u0219i chiar dac\u0103 te cheam\u0103 Holograf, nu m-a\u0219 mira s\u0103 \u00eel v\u0103d pe Dan Bittman la cas\u0103 la Mega Image, \u00eentreb\u00e2ndu-m\u0103 dac\u0103 doresc \u0219i pung\u0103, pentru c\u0103, da, frate, astea sunt vremurile. <\/p>\n\n\n\n<p>Cum s\u0103 descalifici un concurent pentru c\u0103 are nevoie de un job, s\u0103 se poat\u0103 \u00eentre\u021bine \u0219i s\u0103-\u0219i poat\u0103 finan\u021ba muzica? \u0218i asta pe bani publici? <\/p>\n\n\n\n<p>Credeam c\u0103 e r\u0103u c\u00e2nd licheaua aia privilegiat\u0103 de Bendeac, b\u0103ie\u021ba\u0219 de bani gata care avea garsonier\u0103 din facultate, vedet\u0103 tv din studen\u021bie, s-a trezit s\u0103 \u00eemi fac\u0103 mie proces de inten\u021bie pentru c\u0103 am f\u0103cut reclam\u0103 (f\u0103r\u0103 leg\u0103tur\u0103 cu concursul, deci mult \u00een afara ariei lui de f*** de grij\u0103) la ceva ce nu-i pl\u0103cea. Dar TVR \u0219i Eurovision mi-au demonstrat c\u0103 se poate mai r\u0103u. S\u0103 te legi de oameni pentru c\u0103 muncesc. Pentru c\u0103 au joburi normale, de opt ore. <\/p>\n\n\n\n<p>Ar trebui depus\u0103 reclama\u021bie la Consiliul Na\u021bional de Combatere a Discrimin\u0103rii, pentru c\u0103 TVR \u0219i Eurovision Rom\u00e2nia tocmai au brevetat o nou\u0103 form\u0103 de discriminare. Discriminarea pe baz\u0103 de loc de munc\u0103. Job shaming. O form\u0103 de abuz complet nou\u0103, inventat\u0103 \u00een Rom\u00e2nia. <\/p>\n\n\n\n<p>S\u0103 punct\u0103m c\u00e2t de tare se opune acest lucru spiritului liber, incluziunii \u0219i diversit\u0103\u021bii pe care le sus\u021bine Eurovisionul interna\u021bional? <\/p>\n\n\n\n<p>Dar chiar dac\u0103 ar fi cel mai tradi\u021bionalist \u0219i \u00eencuiat concurs din lume. UN LOC DE MUNC\u0102 NU E O RU\u0218INE \u0218I NU AR TREBUI S\u0102 FIE. <\/p>\n\n\n\n<p>***<\/p>\n\n\n\n<p>Dac\u0103 \u0163i-a pl\u0103cut acest articol,&nbsp;<strong><a href=\"http:\/\/paypal.me\/Trollywood\">sus\u0163ine site-ul cu o dona\u0163ie<\/a>.<\/strong><\/p>\n\n\n\n<figure class=\"wp-block-image\"><a href=\"http:\/\/paypal.me\/Trollywood\"><img loading=\"lazy\" decoding=\"async\" width=\"300\" height=\"300\" src=\"https:\/\/i1.wp.com\/lorenalupu.com\/blog\/wp-content\/uploads\/2018\/03\/cafea-300x300.jpg?resize=300%2C300\" alt=\"\" class=\"wp-image-14577\" srcset=\"https:\/\/i0.wp.com\/lorenalupu.com\/blog\/wp-content\/uploads\/2018\/03\/cafea.jpg?resize=300%2C300&amp;ssl=1 300w, https:\/\/i0.wp.com\/lorenalupu.com\/blog\/wp-content\/uploads\/2018\/03\/cafea.jpg?resize=150%2C150&amp;ssl=1 150w, https:\/\/i0.wp.com\/lorenalupu.com\/blog\/wp-content\/uploads\/2018\/03\/cafea.jpg?resize=768%2C768&amp;ssl=1 768w, https:\/\/i0.wp.com\/lorenalupu.com\/blog\/wp-content\/uploads\/2018\/03\/cafea.jpg?resize=160%2C160&amp;ssl=1 160w, https:\/\/i0.wp.com\/lorenalupu.com\/blog\/wp-content\/uploads\/2018\/03\/cafea.jpg?resize=320%2C320&amp;ssl=1 320w, https:\/\/i0.wp.com\/lorenalupu.com\/blog\/wp-content\/uploads\/2018\/03\/cafea.jpg?resize=184%2C184&amp;ssl=1 184w, https:\/\/i0.wp.com\/lorenalupu.com\/blog\/wp-content\/uploads\/2018\/03\/cafea.jpg?resize=600%2C600&amp;ssl=1 600w, https:\/\/i0.wp.com\/lorenalupu.com\/blog\/wp-content\/uploads\/2018\/03\/cafea.jpg?resize=100%2C100&amp;ssl=1 100w, https:\/\/i0.wp.com\/lorenalupu.com\/blog\/wp-content\/uploads\/2018\/03\/cafea.jpg?w=931&amp;ssl=1 931w\" sizes=\"auto, (max-width: 300px) 100vw, 300px\" \/><\/a><\/figure>\n\n\n\n<p>***<br>Vrei s\u0103 m\u0103 urm\u0103re\u015fti \u00een social media? \u00cemi po\u0163i da like pe&nbsp;<a href=\"https:\/\/www.facebook.com\/lorenaalmighty\/\"><strong>Facebook<\/strong><\/a>, follow pe&nbsp;<strong><a href=\"https:\/\/twitter.com\/lorenalupu\">Twitter<\/a><\/strong>&nbsp;\u015fi&nbsp;<strong><a href=\"https:\/\/www.instagram.com\/lorena.lup\/\">Instagram<\/a><\/strong>, subscribe pe&nbsp;<strong><a href=\"https:\/\/www.youtube.com\/channel\/UCCHBtHi6S2GlUFqETH70cjQ\">YouTube<\/a><\/strong>.<\/p>\n\n\n\n<p><\/p>\n","protected":false},"excerpt":{"rendered":"<p>Prima \u00eentrebare legat\u0103 de acest articol ar putea fi, evident: pe cine mai intereseaz\u0103 Eurovision Rom\u00e2nia. R\u0103spuns: nu pe foarte mul\u021bi, dar acest lucru&#46;&#46;&#46;<\/p>\n","protected":false},"author":2,"featured_media":22906,"comment_status":"open","ping_status":"open","sticky":false,"template":"","format":"standard","meta":{"jetpack_post_was_ever_published":false,"_jetpack_newsletter_access":"","_jetpack_dont_email_post_to_subs":false,"_jetpack_newsletter_tier_id":0,"_jetpack_memberships_contains_paywalled_content":false,"_jetpack_memberships_contains_paid_content":false,"footnotes":"","jetpack_publicize_message":"","jetpack_publicize_feature_enabled":true,"jetpack_social_post_already_shared":true,"jetpack_social_options":{"image_generator_settings":{"template":"highway","default_image_id":0,"font":"","enabled":false},"version":2}},"categories":[1],"tags":[],"class_list":["post-22904","post","type-post","status-publish","format-standard","has-post-thumbnail","hentry","category-spicy"],"jetpack_publicize_connections":[],"jetpack_featured_media_url":"https:\/\/i0.wp.com\/lorenalupu.com\/blog\/wp-content\/uploads\/2022\/02\/Eanna.jpg?fit=1440%2C1005&ssl=1","jetpack_sharing_enabled":true,"jetpack_likes_enabled":true,"_links":{"self":[{"href":"https:\/\/lorenalupu.com\/blog\/wp-json\/wp\/v2\/posts\/22904","targetHints":{"allow":["GET"]}}],"collection":[{"href":"https:\/\/lorenalupu.com\/blog\/wp-json\/wp\/v2\/posts"}],"about":[{"href":"https:\/\/lorenalupu.com\/blog\/wp-json\/wp\/v2\/types\/post"}],"author":[{"embeddable":true,"href":"https:\/\/lorenalupu.com\/blog\/wp-json\/wp\/v2\/users\/2"}],"replies":[{"embeddable":true,"href":"https:\/\/lorenalupu.com\/blog\/wp-json\/wp\/v2\/comments?post=22904"}],"version-history":[{"count":2,"href":"https:\/\/lorenalupu.com\/blog\/wp-json\/wp\/v2\/posts\/22904\/revisions"}],"predecessor-version":[{"id":22907,"href":"https:\/\/lorenalupu.com\/blog\/wp-json\/wp\/v2\/posts\/22904\/revisions\/22907"}],"wp:featuredmedia":[{"embeddable":true,"href":"https:\/\/lorenalupu.com\/blog\/wp-json\/wp\/v2\/media\/22906"}],"wp:attachment":[{"href":"https:\/\/lorenalupu.com\/blog\/wp-json\/wp\/v2\/media?parent=22904"}],"wp:term":[{"taxonomy":"category","embeddable":true,"href":"https:\/\/lorenalupu.com\/blog\/wp-json\/wp\/v2\/categories?post=22904"},{"taxonomy":"post_tag","embeddable":true,"href":"https:\/\/lorenalupu.com\/blog\/wp-json\/wp\/v2\/tags?post=22904"}],"curies":[{"name":"wp","href":"https:\/\/api.w.org\/{rel}","templated":true}]}}