{"id":23454,"date":"2022-06-04T14:49:29","date_gmt":"2022-06-04T11:49:29","guid":{"rendered":"https:\/\/lorenalupu.com\/blog\/?p=23454"},"modified":"2022-06-04T14:49:30","modified_gmt":"2022-06-04T11:49:30","slug":"pride-de-iasi-si-afurisenia-popeasca","status":"publish","type":"post","link":"https:\/\/lorenalupu.com\/blog\/pride-de-iasi-si-afurisenia-popeasca\/","title":{"rendered":"Pride de Ia\u015fi \u015fi afurisenia popeasc\u0103"},"content":{"rendered":"\n<p>M\u00e2ine are loc la Ia\u015fi mar\u015ful Pride. Mi se pare un lucru minunat faptul c\u0103 ora\u015fele mai mari ale Rom\u00e2niei \u00eencep s\u0103-\u015fi organizeze propriile evenimente LGBT. Pe de o parte, pentru c\u0103 e un semn al asum\u0103rii \u015fi accept\u0103rii persoanelor cu identitate de gen \u015fi orientare sexual\u0103 diferite, \u015fi pe de alta, mult\u0103 lume nu are timp liber sau suma de bani necesar\u0103 pentru a face drumul p\u00e2n\u0103 la Bucure\u015fti. <\/p>\n\n\n\n<p>Dar, pentru c\u0103 exist\u0103 Mar\u015ful Pride, exist\u0103 \u015fi spume furibunde din partea Arhiepiscopiei locale, \u015fi e cazul s\u0103 discut\u0103m subiectul. <\/p>\n\n\n\n<p>Anul trecut, cu restric\u0163iile ba ridicate, ba puse la loc, Pride s-a nimerit s\u0103 se suprapun\u0103 peste nu mai \u015ftiu care mare s\u0103rb\u0103toare religioas\u0103. Nu \u015fi-a dorit nimeni asta, pur \u015fi simplu, aia a fost fereastra de oportunitate. To\u0163i homofobii p\u0103m\u00e2ntului \u015fi mamele lor au \u00eenceput s\u0103 rag\u0103 incoerent c\u0103 e conspira\u0163ia satanei, c\u0103 e \u00eenceputul apocalipsei pe p\u0103m\u00e2nt, c\u0103 vin gayii s\u0103 le necinsteasc\u0103 s\u0103rb\u0103toarea \u015fi c\u0103 ptiu ucig\u0103-l crucea v\u0103leu oioioi. <\/p>\n\n\n\n<p>De data asta, nu mai sunt restric\u0163ii. \u015ei desigur, cum comunitatea LGBT nu \u00ee\u015fi propune nici o secund\u0103 s\u0103 necinsteasc\u0103 nimic, \u015fi-a ales o zi random din iunie. Probabil, una negociat\u0103 cu prim\u0103ria, s\u0103 nu se suprapun\u0103 cu rusaliile, c\u0103 dup\u0103 aia s\u0103 vezi circ \u015fi pandalii de la sfin\u0163ii taici, \u015fi cu ce alte mari s\u0103rb\u0103tori sunt \u00een restul lunii, sincer, nu m\u0103 intereseaz\u0103. <\/p>\n\n\n\n<p>Dar dac\u0103 LGBT locali \u015fi-au ales o zi liber\u0103 de orice s\u0103rb\u0103toare sau eveniment religios, arhiepiscopia s-a sfor\u0163at un pic \u015eI A INVENTAT UNA. Doar ca s\u0103 aib\u0103 argument s\u0103 fac\u0103 numitul circ \u015fi numitele pandalii. <\/p>\n\n\n\n<p>Voi a\u0163i auzit de Duminica P\u0103rin\u0163ilor \u015fi Copiilor? Nici eu. \u015ei asta pentru c\u0103 e o g\u0103selni\u0163\u0103 ingenioas\u0103 a popilor ie\u015feni, venit\u0103 a\u015fa, pe ultim\u0103 sut\u0103 de metri, strict pentru a desfiin\u0163a Mar\u015ful Pride. <\/p>\n\n\n\n<p>Comunicatul Arhiepiscopiei: \u201eZiua de duminic\u0103, 5 iunie 2022, este una special\u0103 pentru familiile cre\u0219tine. Prin hot\u0103r\u00e2rea nr. 629 din 12 martie 2009 a Sf\u00e2ntului Sinod al Bisericii Ortodoxe Rom\u00e2ne, prima duminic\u0103 de dup\u0103 data de 1 iunie (Ziua Interna\u0163ional\u0103 a Copilului) este consacrat\u0103 drept Duminica P\u0103rin\u0163ilor \u015fi Copiilor. A\u0219adar, o zi \u00een care, mai mult dec\u00e2t \u00een celelalte, se cuvine s\u0103 reflect\u0103m asupra frumuse\u021bii familiei binecuv\u00e2ntate de Dumnezeu cu prunci.&#8221; <\/p>\n\n\n\n<p>Dar facem pariu, stimat auditoriu, c\u0103 indiferent de ziua aleas\u0103 pentru mar\u015f, arhiepiscopia ar fi g\u0103sit hodoronc-tronc o s\u0103rb\u0103toare de care nu \u015ftia nici cel mai \u00eenfl\u0103c\u0103rat pup\u0103tor de moa\u015fte, s\u0103 se aoleasc\u0103 \u015fi s\u0103 se lamenteze c\u0103 uite, ai dreacu ghei, vor s\u0103 ne necinsteasc\u0103?<\/p>\n\n\n\n<p>Am \u015fi eu o curiozitate, dac\u0103 tot suntem \u00een acest punct. <\/p>\n\n\n\n<p>Cine o fi fost primul \u015fmecher care a avut revela\u0163ia asta: c\u0103 po\u0163i spurca mai eficient persoanele LGBT dac\u0103 le opui no\u0163iunea de familie. \u015ei de ce chestia asta a devenit material de propagand\u0103. <\/p>\n\n\n\n<p>\u015ei persoanele LGBT au familii. \u00cen cazul bun. \u00cen cazul mai pu\u0163in bun, distan\u0163area \u00eentre persoanele LGBT \u015fi familii nu e niciodat\u0103 la ini\u0163iativa persoanei LGBT, ci mereu la ini\u0163iativa unui tat\u0103 intransigent care crede c\u0103 dac\u0103-l ba\u0163i destul pe copil, po\u0163i scoate gay-ul din el, sau la a unei mame fanatice care \u00eei mai \u015fi spune copilului groz\u0103vii de genul &#8220;prefer s\u0103 fii mort dec\u00e2t gay&#8221;. Real story, jur. <\/p>\n\n\n\n<p>\u015ei persoanele LGBT \u00ee\u015fi doresc familii. Ba mai mult, la c\u00e2t\u0103 sil\u0103 de commitment au multe persoane hetero \u00een ultima vreme, ai senza\u0163ia c\u0103 persoanele LGBT sunt ultimele care \u00ee\u015fi mai doresc familii. Taman din dorin\u0163a de a avea un trai familial lini\u015ftit \u015fi integrat social se cer dreptul la c\u0103s\u0103torie \u015fi la a avea sau adopta copii. <\/p>\n\n\n\n<p>P\u0103i da, Lorena, dar familia gay va influen\u0163a orientarea copilului adoptat, mi-a ouat la un moment dat un ad\u00e2nc cuget\u0103tor. <\/p>\n\n\n\n<p>P\u0103 buneee?? \u015ei atunci cum se face c\u0103 milenii de familii straight \u015fi \u00eendoctrinare religioas\u0103 hardcore nu a reu\u015fit s\u0103 fac\u0103 s\u0103 dispar\u0103 persoanele gay, lesbiene \u015fi transgender? <\/p>\n\n\n\n<p>Familiile LGBT ar fi un excelent mod de a acorda \u015fanse reale la o via\u0163\u0103 \u015fi o educa\u0163ie copiilor abandona\u0163i de familii straight care nu \u015fi-au putut asuma, din varii motive, \u00eentre\u0163inerea \u015fi cre\u015fterea lor. \u015ei asta pentru c\u0103 o rela\u0163ie stabil\u0103 \u00eentre dou\u0103 persoane de acela\u015fi sex nu e foarte diferit\u0103 de o rela\u0163ie stabil\u0103 dintre dou\u0103 persoane de sex opus. Mai dispar \u015fi a\u015ftept\u0103rile toxice de genul: tu e\u015fti femeie \u015fi TREBUIE s\u0103 te supui \u00een toate, \u015fi comunicarea e cu at\u00e2t mai bun\u0103. <\/p>\n\n\n\n<p>Deci, chiar dac\u0103 exist\u0103 o duminic\u0103 a p\u0103rin\u0163ilor \u015fi copiilor, nu v\u0103d de ce nu ar putea fi doi p\u0103rin\u0163i de acela\u015fi sex \u015fi copiii lor adopta\u0163i. <\/p>\n\n\n\n<p>Repet. Opozi\u0163ia dintre comunitatea LGBT \u015fi no\u0163iunea de familie este una fals\u0103, creat\u0103 cu scopul de a instiga la ur\u0103. Singurul p\u0103cat \u00eempotriva firii, dac\u0103 e s-o ardem pe limbaj religios. Pentru c\u0103 &#8220;firea&#8221;, adic\u0103 mersul natural al lucrurilor, este specific\u0103 fiec\u0103rui individ \u00een parte. Nu mi-e foarte clar de ce se consider\u0103 c\u0103 preferin\u0163a pentru sexul opus, luat\u0103 de una singur\u0103 \u015fi f\u0103r\u0103 alte date, confer\u0103 superioritate purt\u0103torului \u015fi de ce numitul purt\u0103tor deriv\u0103 bucurie din a h\u0103r\u0163ui \u015fi molesta persoane cu alte orient\u0103ri. <\/p>\n\n\n\n<p>\u00cen acest caz, e vizibil c\u0103 elementul toxic din ecua\u0163ie, ini\u0163iatorul de conflict, e Arhiepiscopia. \u015ei partea tragic\u0103 e conferit\u0103 de num\u0103rul mare de aplaudaci lobotomiza\u0163i: Da, domle, vin gayii \u015fi ne necinstesc familia. <\/p>\n\n\n\n<p>\u00cen ce mod e familia ta afectat\u0103 de ni\u015fte oameni care sunt vizibil preocupa\u0163i s\u0103 \u015fi-o construiasc\u0103 pe a lor \u015fi at\u00e2t? <\/p>\n\n\n\n<p>***<\/p>\n\n\n\n<p>Dac\u0103 v-a pl\u0103cut acest text, pute\u021bi sus\u0163ine activitatea siteului cu o dona\u0163ie.&nbsp;<a href=\"https:\/\/www.paypal.com\/paypalme\/Trollywood\"><strong>Aici<\/strong><\/a>.<\/p>\n\n\n\n<figure class=\"wp-block-image\"><a href=\"http:\/\/paypal.me\/Trollywood\"><img loading=\"lazy\" decoding=\"async\" width=\"300\" height=\"300\" src=\"https:\/\/i2.wp.com\/lorenalupu.com\/blog\/wp-content\/uploads\/2018\/03\/cafea-300x300.jpg?resize=300%2C300\" alt=\"\" class=\"wp-image-14577\" srcset=\"https:\/\/i0.wp.com\/lorenalupu.com\/blog\/wp-content\/uploads\/2018\/03\/cafea.jpg?resize=300%2C300&amp;ssl=1 300w, https:\/\/i0.wp.com\/lorenalupu.com\/blog\/wp-content\/uploads\/2018\/03\/cafea.jpg?resize=150%2C150&amp;ssl=1 150w, https:\/\/i0.wp.com\/lorenalupu.com\/blog\/wp-content\/uploads\/2018\/03\/cafea.jpg?resize=768%2C768&amp;ssl=1 768w, https:\/\/i0.wp.com\/lorenalupu.com\/blog\/wp-content\/uploads\/2018\/03\/cafea.jpg?resize=160%2C160&amp;ssl=1 160w, https:\/\/i0.wp.com\/lorenalupu.com\/blog\/wp-content\/uploads\/2018\/03\/cafea.jpg?resize=320%2C320&amp;ssl=1 320w, https:\/\/i0.wp.com\/lorenalupu.com\/blog\/wp-content\/uploads\/2018\/03\/cafea.jpg?resize=184%2C184&amp;ssl=1 184w, https:\/\/i0.wp.com\/lorenalupu.com\/blog\/wp-content\/uploads\/2018\/03\/cafea.jpg?resize=600%2C600&amp;ssl=1 600w, https:\/\/i0.wp.com\/lorenalupu.com\/blog\/wp-content\/uploads\/2018\/03\/cafea.jpg?resize=100%2C100&amp;ssl=1 100w, https:\/\/i0.wp.com\/lorenalupu.com\/blog\/wp-content\/uploads\/2018\/03\/cafea.jpg?w=931&amp;ssl=1 931w\" sizes=\"auto, (max-width: 300px) 100vw, 300px\" \/><\/a><\/figure>\n\n\n\n<p>***<br>Vrei s\u0103 m\u0103 urm\u0103re\u015fti \u00een social media? \u00cemi po\u0163i da like pe&nbsp;<a href=\"https:\/\/www.facebook.com\/lorenaalmighty\/\"><strong>Facebook<\/strong><\/a>, follow pe&nbsp;<strong><a href=\"https:\/\/twitter.com\/lorenalupu\">Twitter<\/a><\/strong>&nbsp;\u015fi&nbsp;<strong><a href=\"https:\/\/www.instagram.com\/lorena.lup\/\">Instagram<\/a><\/strong>, subscribe pe&nbsp;<strong><a href=\"https:\/\/www.youtube.com\/channel\/UCCHBtHi6S2GlUFqETH70cjQ\">YouTube<\/a><\/strong>.<\/p>\n\n\n\n<p>Ce le-a f\u0103tat mintea<\/p>\n","protected":false},"excerpt":{"rendered":"<p>M\u00e2ine are loc la Ia\u015fi mar\u015ful Pride. Mi se pare un lucru minunat faptul c\u0103 ora\u015fele mai mari ale Rom\u00e2niei \u00eencep s\u0103-\u015fi organizeze propriile&#46;&#46;&#46;<\/p>\n","protected":false},"author":2,"featured_media":10522,"comment_status":"open","ping_status":"open","sticky":false,"template":"","format":"standard","meta":{"jetpack_post_was_ever_published":false,"_jetpack_newsletter_access":"","_jetpack_dont_email_post_to_subs":false,"_jetpack_newsletter_tier_id":0,"_jetpack_memberships_contains_paywalled_content":false,"_jetpack_memberships_contains_paid_content":false,"footnotes":"","jetpack_publicize_message":"","jetpack_publicize_feature_enabled":true,"jetpack_social_post_already_shared":true,"jetpack_social_options":{"image_generator_settings":{"template":"highway","default_image_id":0,"font":"","enabled":false},"version":2}},"categories":[1],"tags":[],"class_list":["post-23454","post","type-post","status-publish","format-standard","has-post-thumbnail","hentry","category-spicy"],"jetpack_publicize_connections":[],"jetpack_featured_media_url":"https:\/\/i0.wp.com\/lorenalupu.com\/blog\/wp-content\/uploads\/2016\/03\/rainbow.jpg?fit=1150%2C550&ssl=1","jetpack_sharing_enabled":true,"jetpack_likes_enabled":true,"_links":{"self":[{"href":"https:\/\/lorenalupu.com\/blog\/wp-json\/wp\/v2\/posts\/23454","targetHints":{"allow":["GET"]}}],"collection":[{"href":"https:\/\/lorenalupu.com\/blog\/wp-json\/wp\/v2\/posts"}],"about":[{"href":"https:\/\/lorenalupu.com\/blog\/wp-json\/wp\/v2\/types\/post"}],"author":[{"embeddable":true,"href":"https:\/\/lorenalupu.com\/blog\/wp-json\/wp\/v2\/users\/2"}],"replies":[{"embeddable":true,"href":"https:\/\/lorenalupu.com\/blog\/wp-json\/wp\/v2\/comments?post=23454"}],"version-history":[{"count":1,"href":"https:\/\/lorenalupu.com\/blog\/wp-json\/wp\/v2\/posts\/23454\/revisions"}],"predecessor-version":[{"id":23455,"href":"https:\/\/lorenalupu.com\/blog\/wp-json\/wp\/v2\/posts\/23454\/revisions\/23455"}],"wp:featuredmedia":[{"embeddable":true,"href":"https:\/\/lorenalupu.com\/blog\/wp-json\/wp\/v2\/media\/10522"}],"wp:attachment":[{"href":"https:\/\/lorenalupu.com\/blog\/wp-json\/wp\/v2\/media?parent=23454"}],"wp:term":[{"taxonomy":"category","embeddable":true,"href":"https:\/\/lorenalupu.com\/blog\/wp-json\/wp\/v2\/categories?post=23454"},{"taxonomy":"post_tag","embeddable":true,"href":"https:\/\/lorenalupu.com\/blog\/wp-json\/wp\/v2\/tags?post=23454"}],"curies":[{"name":"wp","href":"https:\/\/api.w.org\/{rel}","templated":true}]}}