{"id":24630,"date":"2023-03-07T10:28:39","date_gmt":"2023-03-07T07:28:39","guid":{"rendered":"https:\/\/lorenalupu.com\/blog\/?p=24630"},"modified":"2023-03-07T11:23:11","modified_gmt":"2023-03-07T08:23:11","slug":"dinu-popescu-ma-ameninta","status":"publish","type":"post","link":"https:\/\/lorenalupu.com\/blog\/dinu-popescu-ma-ameninta\/","title":{"rendered":"Dinu Popescu m\u0103 amenin\u0163\u0103"},"content":{"rendered":"\n<p>Ieri, dup\u0103 ce am descris (\u015fi probat, cu print screens, faptul c\u0103 Dinu Popescu a scris un roman abject \u015fi abominabil despre coruperea de minore, m-am pomenit cu comentariu de la ilustrul autor: <\/p>\n\n\n\n<figure class=\"wp-block-image size-large\"><img data-recalc-dims=\"1\" loading=\"lazy\" decoding=\"async\" width=\"498\" height=\"1024\" src=\"https:\/\/i0.wp.com\/lorenalupu.com\/blog\/wp-content\/uploads\/2023\/03\/image-1.png?resize=498%2C1024&#038;ssl=1\" alt=\"\" class=\"wp-image-24632\" srcset=\"https:\/\/i0.wp.com\/lorenalupu.com\/blog\/wp-content\/uploads\/2023\/03\/image-1.png?resize=498%2C1024&amp;ssl=1 498w, https:\/\/i0.wp.com\/lorenalupu.com\/blog\/wp-content\/uploads\/2023\/03\/image-1.png?resize=146%2C300&amp;ssl=1 146w, https:\/\/i0.wp.com\/lorenalupu.com\/blog\/wp-content\/uploads\/2023\/03\/image-1.png?resize=73%2C150&amp;ssl=1 73w, https:\/\/i0.wp.com\/lorenalupu.com\/blog\/wp-content\/uploads\/2023\/03\/image-1.png?w=720&amp;ssl=1 720w\" sizes=\"auto, (max-width: 498px) 100vw, 498px\" \/><\/figure>\n\n\n\n<p>Deci, stai, cum? Tu scriai \u00een fabulosul t\u0103u roman c\u0103 &#8220;te doare-n p de prejudec\u0103\u0163ile oamenilor&#8221;, dar c\u00e2nd cineva reac\u0163ioneaz\u0103 la un roman despre coruperea de minori exact cum e cazul s\u0103 reac\u0163ionezi la un roman despre coruperea de minori, subit amenin\u0163i cu procese, respectiv cu japc\u0103 financiar\u0103, ca s\u0103 m\u0103 reduci la t\u0103cere? At\u00e2t de viteaz \u015fi de rebel, dar c\u00e2nd omul reac\u0163ioneaz\u0103 la ceea ce propui, brusc e\u015fti d\u0103unat material \u015fi moral? <\/p>\n\n\n\n<p>&#8220;vai, \u00eemi asum controversa&#8221;, numai c\u0103 amenin\u0163 cu procese \u015fi japc\u0103 pe cei care scriu despre abomina\u0163ia pe care am comis-o. <\/p>\n\n\n\n<p><\/p>\n\n\n\n<figure class=\"wp-block-image size-full\"><img data-recalc-dims=\"1\" loading=\"lazy\" decoding=\"async\" width=\"700\" height=\"267\" src=\"https:\/\/i0.wp.com\/lorenalupu.com\/blog\/wp-content\/uploads\/2023\/03\/image-2.png?resize=700%2C267&#038;ssl=1\" alt=\"\" class=\"wp-image-24633\" srcset=\"https:\/\/i0.wp.com\/lorenalupu.com\/blog\/wp-content\/uploads\/2023\/03\/image-2.png?w=742&amp;ssl=1 742w, https:\/\/i0.wp.com\/lorenalupu.com\/blog\/wp-content\/uploads\/2023\/03\/image-2.png?resize=300%2C114&amp;ssl=1 300w, https:\/\/i0.wp.com\/lorenalupu.com\/blog\/wp-content\/uploads\/2023\/03\/image-2.png?resize=150%2C57&amp;ssl=1 150w\" sizes=\"auto, (max-width: 700px) 100vw, 700px\" \/><\/figure>\n\n\n\n<figure class=\"wp-block-image size-full\"><img data-recalc-dims=\"1\" loading=\"lazy\" decoding=\"async\" width=\"700\" height=\"875\" src=\"https:\/\/i0.wp.com\/lorenalupu.com\/blog\/wp-content\/uploads\/2023\/03\/image-3.png?resize=700%2C875&#038;ssl=1\" alt=\"\" class=\"wp-image-24634\" srcset=\"https:\/\/i0.wp.com\/lorenalupu.com\/blog\/wp-content\/uploads\/2023\/03\/image-3.png?w=819&amp;ssl=1 819w, https:\/\/i0.wp.com\/lorenalupu.com\/blog\/wp-content\/uploads\/2023\/03\/image-3.png?resize=240%2C300&amp;ssl=1 240w, https:\/\/i0.wp.com\/lorenalupu.com\/blog\/wp-content\/uploads\/2023\/03\/image-3.png?resize=120%2C150&amp;ssl=1 120w, https:\/\/i0.wp.com\/lorenalupu.com\/blog\/wp-content\/uploads\/2023\/03\/image-3.png?resize=768%2C960&amp;ssl=1 768w\" sizes=\"auto, (max-width: 700px) 100vw, 700px\" \/><\/figure>\n\n\n\n<p>Nu eu \u0163i-am pus vorbuli\u0163ele astea minunate \u00een guri\u0163\u0103, le-ai scris tu cu m\u00e2nu\u0163a ta. Iar dac\u0103 le rog frumos pe cititoare s\u0103 mai caute dup\u0103 n replici \u00een care te-ai dat mare \u015fi tare cu modul \u00een care te folose\u015fti de naivitatea \u015fi inocen\u0163a unor copile nevinovate, pariez c\u0103 voi avea probe c\u00e2t pentru zece procese. <\/p>\n\n\n\n<p>Asta e, \u00eemi asum c\u0103 individul m\u0103 va da \u00een judecat\u0103, pentru c\u0103 pare genul. M-a \u015famenin\u0163at ieri \u015fi \u00eentr-un story. Pe mine \u015fi pe Florina Ilicea, jurnalista de la Adev\u0103rul care a scris despre el \u00een respectiva publica\u0163ie. Spune c\u0103 ne d\u0103 pe am\u00e2ndou\u0103 \u00een judecat\u0103, pentru c\u0103 am scris am\u00e2ndou\u0103 despre el c\u0103 romanul s\u0103u \u015fi am afirmat c\u0103 atitudinea lui instig\u0103 la coruperea de minore, promoveaz\u0103 acest comportament \u00een r\u00e2ndurile b\u0103rba\u0163ilor, \u00eentr-o \u0163ar\u0103 deja afectat\u0103 de un tratament incalificabil la adresa femeilor, \u015fi cu asta \u00eei lez\u0103m imaginea. <\/p>\n\n\n\n<p>P\u0103i, dac\u0103 \u0163ii la imaginea ta, nu scrii c\u0103r\u0163i despre cum profi\u0163i de copile nevinovate. Nu te lauzi c\u0103 e\u015fti m\u00e2ndru de tot ce faci \u015fi nu te ba\u0163i cu pumnul \u00een piept c\u0103 minorele-s bune de tot. Sau dac\u0103 faci asta, nu amenin\u0163i tot tu cu procese pe subiect. <\/p>\n\n\n\n<p>Sau e\u015fti haiduc, sau e\u015fti marele profesionist responsabil. Haiducul \u00ee\u015fi chiar asum\u0103 c\u0103 unora nu le place rebeliunea lui fa\u0163\u0103 de sistem, marele profesionist responsabil nu scrie c\u0103r\u0163i ca asta: <\/p>\n\n\n\n<figure class=\"wp-block-image size-large\"><img data-recalc-dims=\"1\" loading=\"lazy\" decoding=\"async\" width=\"684\" height=\"1024\" src=\"https:\/\/i0.wp.com\/lorenalupu.com\/blog\/wp-content\/uploads\/2023\/03\/bou2.jpg?resize=684%2C1024&#038;ssl=1\" alt=\"\" class=\"wp-image-24618\" srcset=\"https:\/\/i0.wp.com\/lorenalupu.com\/blog\/wp-content\/uploads\/2023\/03\/bou2.jpg?resize=684%2C1024&amp;ssl=1 684w, https:\/\/i0.wp.com\/lorenalupu.com\/blog\/wp-content\/uploads\/2023\/03\/bou2.jpg?resize=200%2C300&amp;ssl=1 200w, https:\/\/i0.wp.com\/lorenalupu.com\/blog\/wp-content\/uploads\/2023\/03\/bou2.jpg?resize=100%2C150&amp;ssl=1 100w, https:\/\/i0.wp.com\/lorenalupu.com\/blog\/wp-content\/uploads\/2023\/03\/bou2.jpg?resize=768%2C1150&amp;ssl=1 768w, https:\/\/i0.wp.com\/lorenalupu.com\/blog\/wp-content\/uploads\/2023\/03\/bou2.jpg?w=1008&amp;ssl=1 1008w\" sizes=\"auto, (max-width: 684px) 100vw, 684px\" \/><\/figure>\n\n\n\n<p><\/p>\n\n\n\n<p>Nu e amuzant c\u0103 tu publici a\u015fa ceva, dar pretinzi c\u0103 eu \u00ee\u0163i lezez imaginea? <\/p>\n\n\n\n<p>Dar ok. Am discutat ieri sear\u0103 cu cealalt\u0103 &#8220;victim\u0103&#8221;, Florina Ilicea. Dac\u0103 ne d\u0103 \u00een judecat\u0103 \u00een comun,  ne vom ap\u0103ra \u00een comun, dac\u0103 ne d\u0103 \u00een judecat\u0103 separat, vom fi martore una la procesul celeilalte. Ne vom sus\u0163ine reciproc \u015fi sper\u0103m c\u0103 adev\u0103rul va triumfa. Adev\u0103rul publica\u0163ia \u015fi adev\u0103rul situa\u0163ia. <\/p>\n\n\n\n<p>De mii de ani, b\u0103rba\u0163i abuzivi \u00eencearc\u0103 s\u0103 reduc\u0103 la t\u0103cere, fric\u0103 \u015fi umilin\u0163\u0103 femei cu ajutorul amenin\u0163\u0103rilor, intimid\u0103rii \u015fi violen\u0163ei. Ei bine, p\u00e2n\u0103 aici. Ai scris o carte despre coruperea minorelor. Nu \u0163i-am scris-o eu, ai scris-o tu singur. \u00cemi permit s\u0103 evaluez c\u0103 daunele aduse minorelor de o carte ca a ta \u015fi de h\u0103r\u0163uirea pe care o carte ca asta o endorseaz\u0103 sunt mai profunde dec\u00e2t daunele pe care \u0163i le aduce afirma\u0163ia mea c\u0103 ai scris o carte dezgust\u0103toare. <\/p>\n\n\n\n<p>E perfect \u00een regul\u0103 s\u0103 avem un proces lung \u015fi mediatizat de toat\u0103 lumea, \u00een care eu \u015fi Florina te vom \u00eenfrunta frontal, vom citi \u00een fa\u0163a instan\u0163ei pasaje din odio\u015fenia aia de carte \u015fi-i vom \u00eentreba pe onora\u0163ii ce p\u0103rere au despre cineva care sexualizeaz\u0103 interac\u0163iunea cu o feti\u0163\u0103 de 14 ani. <\/p>\n\n\n\n<p>Bring it on. \u00cemi asum aceast\u0103 lupt\u0103. <\/p>\n\n\n\n<p>Pentru c\u0103 dac\u0103 la finalul ei, toat\u0103 Rom\u00e2nia va trage concluzia c\u0103 minorele au dreptul la demnitate \u015fi protec\u0163ie, \u015fi c\u0103 r\u0103ul f\u0103cut unor minore de h\u0103r\u0163uirea unor b\u0103rba\u0163i lihni\u0163i e mult mai grav dec\u00e2t c\u00e2teva cuvinte mai dure pe care \u0163i le-am adresat eu, nu c\u00e2\u015ftig doar acest proces, ci \u015fi awareness pentru to\u0163i pr\u0103d\u0103torii \u015fi violatorii din Rom\u00e2nia c\u0103 femeile pot riposta \u015fi vor riposta. <\/p>\n\n\n\n<p>F\u0103r\u0103 leg\u0103tur\u0103, mi-am amintit de o alt\u0103 poveste. \u00cent\u00e2mplat\u0103 chiar secolul trecut. <\/p>\n\n\n\n<p>\u00cen sudul Italiei, exista un obicei oribil. Dac\u0103 un b\u0103rbat era atras de o femeie, iar aceasta nu \u00eel voia, individul o viola, apoi \u00eei propunea matrimonio riparatore. Adic\u0103: se considera c\u0103 femeia violat\u0103 nu mai e virgin\u0103, \u015fi prin urmare era dezonorat\u0103 \u015fi paria social\u0103, iar violatorul \u00eei oferea din m\u0103rinimia inimii lui &#8211; dup\u0103 viol &#8211; s-o ia de nevast\u0103, s\u0103-i &#8220;repereze&#8221; onoarea. Da, gluma aia a lui Caragiale de aici vine. <\/p>\n\n\n\n<p>Da, un cinism halucinant. Dup\u0103 ce o viola, tot \u0103la era mare cavaler care \u00eei ofer\u0103 o c\u0103s\u0103torie s-o scoat\u0103 din ru\u015fine. \u015eI SE PRACTICA CHIAR \u015eI SECOLUL TRECUT, \u00ceN ANII 1900. Abia asta e o chestie alarmant\u0103. <\/p>\n\n\n\n<p>Totul p\u00e2n\u0103 la o femeie numit\u0103 Franca Viola. De Cr\u0103ciun, pe 26 decembrie 1965 &#8211; deci nu \u00een Evul Mediu, ci \u00een 1965!!!! &#8211; un individ \u015fi \u015fleahta lui au dat spargere acas\u0103 la ea \u015fi au luat-o pe sus. Candidatul respins, un b\u0103rbat pe nume Filippo Melodia, a sechestrat-o la el acas\u0103, timp de \u015fapte zile, pe Franca, a violat-o iar \u015fi iar, \u015fi i-a spus c\u0103 acum nu are de ales, trebuie s\u0103 se m\u0103rite cu el, sau va r\u0103m\u00e2ne dezonorat\u0103. <\/p>\n\n\n\n<p>Pe 31 decembrie, tat\u0103l Franc\u0103i a venit s-o ia acas\u0103, pretinz\u00e2nd c\u0103 se g\u00e2nde\u015fte la propunerea de matrimonio riparatore, numai c\u0103, \u00eentre timp, \u00eel denun\u0163ase pe Melodia la poli\u0163ie \u015fi ace\u015ftia aveau nevoie de probe pentru a demonstra abuzurile fizice. <\/p>\n\n\n\n<p>Pe 2 ianuarie 1966, poli\u0163ia l-a arestat pe Melodia \u015fi pe complicii cu care o r\u0103pise. Iar Franca a refuzat matrimonio riparatore, care l-ar fi absolvit pe Melodia de acuza\u0163ia de viol. PENTRU C\u0102 NU \u00ceL DOREA. <\/p>\n\n\n\n<p>Franca \u015fi familia ei au fost persecuta\u0163i \u015fi ostraciza\u0163i de societatea vremii, pentru c\u0103 o femeie care refuza mariajul reparator \u015fi alegea s\u0103-\u015fi confrunte violatorul \u015fi s\u0103-i cear\u0103 s\u0103 r\u0103spund\u0103 pentru fapta lui amenin\u0163a \u00eensu\u015fi fundamentul unuia dintre mecanismele fundamentale de control asupra corpului \u015fi vie\u0163ii femeilor: prin ru\u015finea inoculat\u0103 de viol, care s\u0103 constr\u00e2ng\u0103 femeia s\u0103-\u015fi ignore propria voin\u0163\u0103 \u015fi s\u0103 i se supun\u0103 f\u0103pta\u015fului. Prietenii lui Melodia le-au dat foc la podgorie, printre altele. Dar Franca s-a men\u0163inut tare pe pozi\u0163ie, afirm\u00e2nd ferm \u015fi hot\u0103r\u00e2t c\u0103 ea i-a spus &#8220;nu&#8221; acestui b\u0103rbat \u015fi c\u0103 refuz\u0103 s\u0103 preia asupra ei ru\u015finea pentru violul lui, prin urmare, \u00een 1966, Melodia a fost condamnat la zece ani de \u00eenchisoare pentru viol. Da, pu\u0163in, dar era un \u00eenceput. <\/p>\n\n\n\n<p>Iar Franca s-a m\u0103ritat cu iubitul pe care \u015fi-l dorise de la bun \u00eenceput. <\/p>\n\n\n\n<p>Acum, cu un precedent, r\u0103pirile urmate de violuri \u015fi de presiunea unui matrimonio riparatore au sc\u0103zut sim\u0163itor \u00een sudul Italiei, pentru c\u0103 exemplul Franc\u0103i le-a dat \u015fi celorlalte femei putere, \u00een\u0163elegerea faptului c\u0103 nu sunt obligate s\u0103 accepte ru\u015finea insuflat\u0103 de societate \u015fi pot spune &#8220;nu&#8221;, c\u0103 nu trebuie s\u0103 cedezi amenin\u0163\u0103rilor \u015fi agresivit\u0103\u0163ii \u015fi nu trebuie s\u0103 accep\u0163i o via\u0163\u0103 de co\u015fmar cu un b\u0103rbat pe care nu-l supor\u0163i \u015fi a c\u0103rui fa\u0163\u0103 s\u0103-\u0163i aminteasc\u0103 noapte de noapte de violul oribil prin care \u0163i-ai pierdut virginitatea. <\/p>\n\n\n\n<p>Franca Viola tr\u0103ie\u015fte \u015fi azi, e o venerabil\u0103 doamn\u0103 \u00een v\u00e2rst\u0103 \u015fi subiectul unui roman memorabil, intitulat Niente ci fu, scris de Beatrice Monroy. <\/p>\n\n\n\n<p>Uneori, trebuie s\u0103 fim Franca Viola \u015fi s\u0103 ne asum\u0103m riscul amenin\u0163\u0103rilor \u015fi a tot ce spune un individ c\u0103 va declan\u015fa asupra noastr\u0103, dac\u0103 vrem ca lucrurile s\u0103 se schimbe \u00een societatea \u00een care tr\u0103im. <\/p>\n\n\n\n<p>Iar eu vreau ca nici un gigel s\u0103 nu se mai laude cu modul \u00een care abuzeaz\u0103 minore, pentru c\u0103 \u015fi eu am fost odat\u0103 acea minor\u0103 h\u0103r\u0163uit\u0103 sexual \u015fi \u015ftiu cum e. Sunt gata s\u0103-mi ap\u0103r fiecare afirma\u0163ie legat\u0103 de cartea lui Popescu \u015fi de ceea ce spune cartea despre el \u00een orice tribunal al acestei lumi. <\/p>\n\n\n\n<p>Bring. It. On. <\/p>\n\n\n\n<p>***<\/p>\n\n\n\n<p>Acest site \u00ee\u015fi poate continua activitatea doar cu sus\u0163inerea cititorilor.&nbsp;<a href=\"https:\/\/www.paypal.com\/paypalme\/Trollywood\"><strong>Aici<\/strong><\/a>.<\/p>\n\n\n\n<p>***<\/p>\n\n\n\n<figure class=\"wp-block-image\"><a href=\"http:\/\/paypal.me\/Trollywood\"><img loading=\"lazy\" decoding=\"async\" width=\"300\" height=\"300\" src=\"https:\/\/i2.wp.com\/lorenalupu.com\/blog\/wp-content\/uploads\/2018\/03\/cafea-300x300.jpg?resize=300%2C300\" alt=\"\" class=\"wp-image-14577\" srcset=\"https:\/\/i0.wp.com\/lorenalupu.com\/blog\/wp-content\/uploads\/2018\/03\/cafea.jpg?resize=300%2C300&amp;ssl=1 300w, https:\/\/i0.wp.com\/lorenalupu.com\/blog\/wp-content\/uploads\/2018\/03\/cafea.jpg?resize=150%2C150&amp;ssl=1 150w, https:\/\/i0.wp.com\/lorenalupu.com\/blog\/wp-content\/uploads\/2018\/03\/cafea.jpg?resize=768%2C768&amp;ssl=1 768w, https:\/\/i0.wp.com\/lorenalupu.com\/blog\/wp-content\/uploads\/2018\/03\/cafea.jpg?resize=160%2C160&amp;ssl=1 160w, https:\/\/i0.wp.com\/lorenalupu.com\/blog\/wp-content\/uploads\/2018\/03\/cafea.jpg?resize=320%2C320&amp;ssl=1 320w, https:\/\/i0.wp.com\/lorenalupu.com\/blog\/wp-content\/uploads\/2018\/03\/cafea.jpg?resize=184%2C184&amp;ssl=1 184w, https:\/\/i0.wp.com\/lorenalupu.com\/blog\/wp-content\/uploads\/2018\/03\/cafea.jpg?resize=600%2C600&amp;ssl=1 600w, https:\/\/i0.wp.com\/lorenalupu.com\/blog\/wp-content\/uploads\/2018\/03\/cafea.jpg?resize=100%2C100&amp;ssl=1 100w, https:\/\/i0.wp.com\/lorenalupu.com\/blog\/wp-content\/uploads\/2018\/03\/cafea.jpg?w=931&amp;ssl=1 931w\" sizes=\"auto, (max-width: 300px) 100vw, 300px\" \/><\/a><\/figure>\n\n\n\n<p>***<\/p>\n\n\n\n<p>Vrei s\u0103 m\u0103 urm\u0103re\u015fti \u00een social media? \u00cemi po\u0163i da like pe&nbsp;<a href=\"https:\/\/www.facebook.com\/lorenaalmighty\/\"><strong>Facebook<\/strong><\/a>, follow pe&nbsp;<strong><a href=\"https:\/\/twitter.com\/lorenalupu\">Twitter<\/a><\/strong>&nbsp;\u015fi&nbsp;<strong><a href=\"https:\/\/www.instagram.com\/lorena.lup\/\">Instagram<\/a><\/strong>, subscribe pe&nbsp;<strong><a href=\"https:\/\/www.youtube.com\/channel\/UCCHBtHi6S2GlUFqETH70cjQ\">YouTube<\/a><\/strong>&nbsp;\u015fi pe<strong><a href=\"https:\/\/www.tiktok.com\/@lorena.lupu\">&nbsp;Tiktok<\/a><\/strong>.<\/p>\n","protected":false},"excerpt":{"rendered":"<p>Ieri, dup\u0103 ce am descris (\u015fi probat, cu print screens, faptul c\u0103 Dinu Popescu a scris un roman abject \u015fi abominabil despre coruperea de&#46;&#46;&#46;<\/p>\n","protected":false},"author":2,"featured_media":24635,"comment_status":"open","ping_status":"open","sticky":false,"template":"","format":"standard","meta":{"jetpack_post_was_ever_published":false,"_jetpack_newsletter_access":"","_jetpack_dont_email_post_to_subs":false,"_jetpack_newsletter_tier_id":0,"_jetpack_memberships_contains_paywalled_content":false,"_jetpack_memberships_contains_paid_content":false,"footnotes":"","jetpack_publicize_message":"","jetpack_publicize_feature_enabled":true,"jetpack_social_post_already_shared":true,"jetpack_social_options":{"image_generator_settings":{"template":"highway","default_image_id":0,"font":"","enabled":false},"version":2}},"categories":[1],"tags":[],"class_list":["post-24630","post","type-post","status-publish","format-standard","has-post-thumbnail","hentry","category-spicy"],"jetpack_publicize_connections":[],"jetpack_featured_media_url":"https:\/\/i0.wp.com\/lorenalupu.com\/blog\/wp-content\/uploads\/2023\/03\/332412292_1633699717072433_8496888329373705835_n.jpg?fit=2208%2C1975&ssl=1","jetpack_sharing_enabled":true,"jetpack_likes_enabled":true,"_links":{"self":[{"href":"https:\/\/lorenalupu.com\/blog\/wp-json\/wp\/v2\/posts\/24630","targetHints":{"allow":["GET"]}}],"collection":[{"href":"https:\/\/lorenalupu.com\/blog\/wp-json\/wp\/v2\/posts"}],"about":[{"href":"https:\/\/lorenalupu.com\/blog\/wp-json\/wp\/v2\/types\/post"}],"author":[{"embeddable":true,"href":"https:\/\/lorenalupu.com\/blog\/wp-json\/wp\/v2\/users\/2"}],"replies":[{"embeddable":true,"href":"https:\/\/lorenalupu.com\/blog\/wp-json\/wp\/v2\/comments?post=24630"}],"version-history":[{"count":5,"href":"https:\/\/lorenalupu.com\/blog\/wp-json\/wp\/v2\/posts\/24630\/revisions"}],"predecessor-version":[{"id":24641,"href":"https:\/\/lorenalupu.com\/blog\/wp-json\/wp\/v2\/posts\/24630\/revisions\/24641"}],"wp:featuredmedia":[{"embeddable":true,"href":"https:\/\/lorenalupu.com\/blog\/wp-json\/wp\/v2\/media\/24635"}],"wp:attachment":[{"href":"https:\/\/lorenalupu.com\/blog\/wp-json\/wp\/v2\/media?parent=24630"}],"wp:term":[{"taxonomy":"category","embeddable":true,"href":"https:\/\/lorenalupu.com\/blog\/wp-json\/wp\/v2\/categories?post=24630"},{"taxonomy":"post_tag","embeddable":true,"href":"https:\/\/lorenalupu.com\/blog\/wp-json\/wp\/v2\/tags?post=24630"}],"curies":[{"name":"wp","href":"https:\/\/api.w.org\/{rel}","templated":true}]}}