{"id":26521,"date":"2024-05-24T07:34:15","date_gmt":"2024-05-24T04:34:15","guid":{"rendered":"https:\/\/lorenalupu.com\/blog\/?p=26521"},"modified":"2024-05-24T07:44:43","modified_gmt":"2024-05-24T04:44:43","slug":"cand-organizatorii-iti-fura-premiul","status":"publish","type":"post","link":"https:\/\/lorenalupu.com\/blog\/cand-organizatorii-iti-fura-premiul\/","title":{"rendered":"C\u00e2nd organizatorii \u00ee\u021bi fur\u0103 premiul"},"content":{"rendered":"\n<p>O categorie pe care rom\u00e2nii rateaz\u0103 s-o sprijine de cel pu\u021bin  jum\u0103tate de secol e aceea a tinerilor scriitori. Sigur, exist\u0103 excep\u021bii, c\u00e2nd t\u00e2n\u0103rul scriitor e totodat\u0103 vedet\u0103, sau are bani s\u0103 pl\u0103teasc\u0103 tot ce mi\u0219c\u0103 \u0219i s\u0103 ajung\u0103 pe buzele tuturor, sau c\u00e2nd e Codin Maticiuc, adic\u0103 o \u00eembinare a primelor dou\u0103 condi\u021bii. <\/p>\n\n\n\n<p>Dar s\u0103 fii un t\u00e2n\u0103r dintr-o familie modest\u0103 \u0219i s\u0103 debutezi \u00een literatur\u0103 e, \u00een Rom\u00e2nia de azi, o utopie. \u0218i, \u00een rarele situa\u021bii c\u00e2nd un Consiliu Jude\u021bean se \u00eendur\u0103 s\u0103 organizeze c\u00e2te un concurs, se poate \u00eent\u00e2mpla uneori ca pu\u021binii bani c\u00e2\u0219tiga\u021bi de premiant s\u0103 nu ajung\u0103 niciodat\u0103 la destina\u021bie. <\/p>\n\n\n\n<p>M\u0103lina Lipar\u0103-V\u0103raru e o t\u00e2n\u0103r\u0103 scriitoare care a participat \u00een 2022 \u0219i a luat premiul I la un concurs literar, <strong><em>Rezonan\u021be ude\u0219tene<\/em><\/strong>, organizat de Consiliul Jude\u0163ean Suceava, Centrul Cultural \u201dBucovina\u201d, Centrul pentru Conservarea \u015fi Promovarea Culturii Tradi\u0163ionale, Prim\u0103ria Comunei Ude\u0219ti, \u00een colaborare cu Uniunea Scriitorilor din Rom\u00e2nia, Societatea Scriitorilor Bucovineni, Muzeul Bucovinei, Crai Nou Suceava, Inspectoratul \u015ecolar Jude\u0163ean Suceava, Biblioteca Bucovinei \u201cI.G. Sbiera\u201d, Asocia\u021bia Cultural\u0103 \u201eMircea Motrici\u201d, Centrul Cultural \u201cUnirea sub Oadeci\u201d Ude\u015fti, Biblioteca Comunal\u0103 \u201cConstantin \u015etefuriuc\u201d Ude\u015fti. <\/p>\n\n\n\n<p>Nu exagerez, ace\u0219tia sunt organizatorii men\u021biona\u021bi \u00een materialele de promovare. <\/p>\n\n\n\n<p>\u0218i totu\u0219i, de\u0219i at\u00e2ta lume a pus um\u0103rul la acest concurs,  M\u0103lina nu \u0219i-a primit premiul de doi ani. Explica\u021biile par rupte dintr-o pies\u0103 de teatru absurd\u0103. <\/p>\n\n\n\n<p><strong>S\u0103 \u00eencepem cu c\u00e2teva detalii despre tine, pentru cititorii care nu te cunosc. C\u00e2nd ai debutat, ce ai scris, unde lucrezi?<\/strong><\/p>\n\n\n\n<p>M\u0103lina: Nu am debutat \u00eenc\u0103, doar fac parte din volume colective, nu m\u0103 gr\u0103besc anul acesta, fiindc\u0103 am f\u0103cut de cur\u00e2nd 23 de ani \u0219i consider c\u0103 abia acum am \u00eenceput s\u0103 \u00eemi croiesc maturitatea necesar\u0103 (sunt o perfec\u021bionist\u0103, poate pu\u021bin prea extremist\u0103, dar asta mi-e firea). Scriu poezie \u0219i uneori proz\u0103, \u00eens\u0103 pl\u0103nuiesc s\u0103 debutez cu poezie \u0219i apoi s\u0103 scriu un roman autobiografic. \u00cen prezent nu mai lucrez, \u00eens\u0103 \u00een trecut am lucrat la o redac\u021bie de \u0219tiri, la un anticariat (cele mai negre zile din via\u021ba mea \u00een ce prive\u0219te respectul din partea oamenilor) \u0219i am fost profesoar\u0103 de rom\u00e2n\u0103 (ca limb\u0103 str\u0103in\u0103) la o \u0219coal\u0103 interna\u021bional\u0103.<\/p>\n\n\n\n<p><strong>D\u0103-mi c\u00e2teva detalii despre concursul la care ai participat. Cum ai aflat despre el, cu ce text te-ai \u00eenscris \u0219i ce s-a \u00eent\u00e2mplat dup\u0103? <\/strong><\/p>\n\n\n\n<p>Concursul se nume\u0219te <strong>\u201eRezonan\u021be ude\u0219tene<\/strong>\u201d. Am aflat de pe Facebook, cum afl\u0103 tinerii \u00een general despre orice \u021bine de mediul cultural &#8212; \u00een func\u021bie de cum ai lista de prieteni, ai \u0219i un feed prestabilit, dar asta nu e nimic nou. La momentul respectiv era o proz\u0103 numit\u0103 <strong>\u201eCum s\u0103 scapi de pietre la rinichi \u0219i fiere\u201d<\/strong> (un inside joke de care cititorii se prind u\u0219or citind textul p\u00e2n\u0103 la final); \u00eentre timp am modificat doar titlul \u0219i am lungit finalul, dar restul a fost p\u0103strat integral. \u00cenc\u0103 nu a ap\u0103rut nic\u0103ieri publicat \u00een spa\u021biul public. Am luat premiul \u00eent\u00e2i, dar nu a p\u0103rut s\u0103 conteze prea tare.<\/p>\n\n\n\n<figure class=\"wp-block-image size-full is-resized\"><img data-recalc-dims=\"1\" loading=\"lazy\" decoding=\"async\" width=\"640\" height=\"550\" src=\"https:\/\/i0.wp.com\/lorenalupu.com\/blog\/wp-content\/uploads\/2024\/05\/premiu.jpg?resize=640%2C550&#038;ssl=1\" alt=\"\" class=\"wp-image-26524\" style=\"width:414px;height:auto\" srcset=\"https:\/\/i0.wp.com\/lorenalupu.com\/blog\/wp-content\/uploads\/2024\/05\/premiu.jpg?w=640&amp;ssl=1 640w, https:\/\/i0.wp.com\/lorenalupu.com\/blog\/wp-content\/uploads\/2024\/05\/premiu.jpg?resize=300%2C258&amp;ssl=1 300w, https:\/\/i0.wp.com\/lorenalupu.com\/blog\/wp-content\/uploads\/2024\/05\/premiu.jpg?resize=150%2C129&amp;ssl=1 150w\" sizes=\"auto, (max-width: 640px) 100vw, 640px\" \/><\/figure>\n\n\n\n<p><strong>Cine a f\u0103cut parte din juriu?<\/strong><\/p>\n\n\n\n<p>M\u0103lina: \u201eJuriul concursului va fi alc\u0103tuit din critici literari, poe\u0163i, prozatori, redactori-\u015fefi de reviste literare, membri ai Uniunii Scriitorilor din Rom\u00e2nia. Membrii juriului nu pot schimba ulterior, dec\u00e2t \u00een condi\u021bii excep\u021bionale, ordinea rezultat\u0103 \u00een urma juriz\u0103rii.\u201d, at\u00e2t scrie \u00een regulament.<\/p>\n\n\n\n<p><strong>Cine e organizatorul concursului?<\/strong><\/p>\n\n\n\n<p>M\u0103lina: Ioan Manole, un om de existen\u021ba c\u0103ruia nu \u0219tiam p\u00e2n\u0103 la concursul respectiv, dar despre care am aflat ulterior c\u0103 e \u201einfluent\u201d \u00een sfera concursurilor literare organizate \u00een Suceava. <\/p>\n\n\n\n<p>\u201eScriitorul Ioan Manole ne-a spus c\u0103 acest concurs \u00ee\u015fi propune s\u0103 descopere, s\u0103 sprijine \u015fi s\u0103 promoveze noi \u015fi autentice talente \u00een r\u00e2ndul creatorilor din literatura de ast\u0103zi \u015fi se va desf\u0103\u015fura pe trei sec\u0163iuni: poezie, proz\u0103 scurt\u0103 \u015fi reportaj literar.\u201d, Iat\u0103 un fragment selectat tot din regulament.  Tot Ioan Manole a fost principala persoan\u0103 de contact.<\/p>\n\n\n\n<p><strong>\u0218i ce s-a \u00eent\u00e2mplat cu premiul t\u0103u? <\/strong><\/p>\n\n\n\n<p>M\u0103lina: Regulamentul spunea c\u0103 cine nu se va prezenta la festivitatea de premiere de la Suceava nu va primi premiul \u00een bani. Am aflat \u00een ziua \u00een care s-au anun\u021bat c\u00e2\u0219tig\u0103torii public, de la o prieten\u0103 care a fost la festivitatea respectiv\u0103, pentru c\u0103 locuia \u00een ora\u0219ul cu pricina. I-am scris organizatorului legat de ce credeam eu c\u0103 a fost o eroare (clar nu a fost), nici m\u0103car nu mi-a r\u0103spuns \u00een mod direct, doar mi-a transmis tot prin acea prieten\u0103 c\u0103 problema se va rezolva. Nu s-a rezolvat, dar nu am f\u0103cut mare caz, de\u0219i, recunosc, m-am ofticat foarte tare, deoarece la vremea respectiv\u0103 lucram la anticariat, c\u00e2\u0219tigam foarte pu\u021bin pentru ce \u00eensemna traiul \u00een Cluj, \u0219i m\u0103 chinuisem c\u0103 scriu proza pe genunchi (la propriu) pe sub tejghea, f\u0103c\u00e2ndu-mi calcule peste calcule c\u0103 dac\u0103 reu\u0219esc s\u0103 c\u00e2\u0219tig, \u00eemi pot pl\u0103ti chiria pe luna respectiv\u0103 din banii primi\u021bi. Totul ca s\u0103 aflu c\u0103 \u00een 2024 \u00eenc\u0103 mai circul\u0103 minciuni despre mine.<\/p>\n\n\n\n<p><strong>Dar tu ai fost anun\u021bat\u0103 \u00een prealabil c\u0103 e cazul s\u0103 vii la festivitate?<\/strong><\/p>\n\n\n\n<p>M\u0103lina: Nu, nici m\u0103car nu am fost anun\u021bat\u0103 c\u0103 am c\u00e2\u0219tigat ceva (iar \u00een cazul acestor concursuri, c\u00e2\u0219tig\u0103torii sunt \u00een\u0219tiin\u021ba\u021bi cu c\u00e2teva zile \u00eenainte, tocmai pentru a se putea deplasa). Practic, nu am primit premiul pentru c\u0103 nu m-am prezentat \u00eentr-un loc \u00een care nu m-a chemat nimeni.<\/p>\n\n\n\n<p><strong>\u0218i spui c\u0103, dup\u0103 ce ai c\u00e2\u0219tigat, nu ai primit nici un r\u0103spuns la mailuri?<\/strong><\/p>\n\n\n\n<p>M\u0103lina: I-am scris organizatorului chiar pe Facebook, a v\u0103zut mesajul, din moment ce mi-a transmis prin prietena respectiv\u0103 c\u0103 se va rezolva problema cu banii, apoi totul a disp\u0103rut \u00eentr-o cea\u021b\u0103 dens\u0103. M-am prins despre ce este vorba, dar, fiind foarte \u201esim\u021bit\u0103\u201d \u0219i anxioas\u0103 \u00een urm\u0103 cu doi ani, am decis s\u0103 m\u0103 resemnez.<\/p>\n\n\n\n<p><strong>Dar de ce nu ai sunat la vreuna din institu\u021biile acelea multe partenere, s\u0103 le transmi\u021bi c\u0103 nu \u021bi-ai primit premiul?<\/strong><\/p>\n\n\n\n<p>M\u0103lina: Din cauz\u0103 c\u0103 nu am avut \u201ecurajul\u201d necesar. Poate c\u0103 a fost \u0219i vina mea c\u0103 am t\u0103cut, dar mi-a fost team\u0103 de scandaluri \u0219i insisten\u021be din partea mea \u00een ce prive\u0219te banii.<\/p>\n\n\n\n<p><strong>Niciodat\u0103 s\u0103 nu-\u021bi mai fie. Arti\u0219tii au nevoie de bani s\u0103 poat\u0103 crea, iar dac\u0103 premiul era c\u00e2\u0219tigat de tine, aceia erau banii t\u0103i de drept.<\/strong><\/p>\n\n\n\n<p>\u00ce\u021bi mul\u021bumesc, Dac\u0103 totul ar avea loc \u00een prezent, a\u0219 lupta pentru banii respectivi, fiind vorba de munca mea. \u00cen acea perioad\u0103 f\u0103ceam \u0219i terapie pentru anxietatea mea extrem\u0103.<\/p>\n\n\n\n<p><strong>Ce a urmat?<\/strong><\/p>\n\n\n\n<p>M\u0103lina: Am renun\u021bat la a mai participa la concursurile unde vedeam numele d\u00e2nsului, am mai auzit zvonuri cum c\u0103, de fapt, a\u0219 fi fost anun\u021bat\u0103 \u0219i nu m-am prezentat, dar, fiind zvonuri, nu le-am luat \u00een seam\u0103, de\u0219i mi-era clar c\u0103 cineva (oare cine?) a p\u0103strat banii mei pentru el, profit\u00e2nd de starea mea vulnerabil\u0103. <\/p>\n\n\n\n<p>Totul ca s\u0103 aflu \u00een prezent c\u0103 domnul Manole le spune oamenilor c\u0103 proza mea era despre cum f\u0103ceam sex cu un coleg de la locul de munc\u0103, tot el nel\u0103s\u00e2ndu-m\u0103 s\u0103 m\u0103 prezint la festivitatea la care chipurile a\u0219 fi fost chemat\u0103. O mare \u0219i gogonat\u0103 minciun\u0103, care a denaturat absolut tot ce era scris \u00een proza respectiv\u0103, \u0219i, mai ales, care mi-a c\u0103lcat demnitatea \u00een picioare.<\/p>\n\n\n\n<p><strong>Ce leg\u0103tur\u0103 are subiectul prozei cu dreptul t\u0103u de a-\u021bi primi banii c\u00e2\u0219tiga\u021bi prin voturile unui juriu?<\/strong><\/p>\n\n\n\n<p>M\u0103lina: Teoretic, niciunul, cu at\u00e2t mai mult cu c\u00e2t am primit premiul \u00eent\u00e2i. Dac\u0103 proza mea ar fi fost at\u00e2t de \u201escandaloas\u0103\u201d \u0219i proast\u0103, probabil nu a\u0219 fi primit nimic, nu? A\u0219a mi s-ar p\u0103rea normal. \u00cen continuare, tot mi se pare SF ce sus\u021bine domnul, cred c\u0103 nici Sandra Brown nu ar putea s\u0103 descrie scene sexuale \u00een patru pagini A4. Mai mult dec\u00e2t at\u00e2t, nu am spus nicio secund\u0103 \u00een proz\u0103 c\u0103 a\u0219 face sex cu colegul meu. Am spus c\u0103 dormim \u00eempreun\u0103, iar dormitul e dormit, nici m\u0103car nu am folosit \u201eculcat\u201d, pentru a nu exista interpret\u0103ri Acela a fost un pasaj de cel mult trei r\u00e2nduri. Dac\u0103 vrei, \u021bi-l ar\u0103t. <\/p>\n\n\n\n<p><strong>Nu e cazul. Con\u021binutul erotic al unui text nu are leg\u0103tur\u0103 cu valoarea literar\u0103. 120 de zile ale Sodomei, scris\u0103 de marchizul de Sade, abund\u0103 de dezm\u0103\u021b, \u0219i totodat\u0103, e una dintre marile capodopere literare ale umanit\u0103\u021bii. Niciun om cu o cultur\u0103 literar\u0103 basic nu va judeca o scriere pe astfel de criterii. Te-ai g\u00e2ndit s\u0103 formulezi o reclama\u021bie adresat\u0103 institu\u021biilor organizatoare, \u00een care s\u0103 prezin\u021bi toat\u0103 aceast\u0103 situa\u021bie, cu premiul neprimit \u0219i zvonurile care-\u021bi \u00eencalc\u0103 demnitatea?<\/strong><\/p>\n\n\n\n<p>M\u0103lina: Nu, din cauz\u0103 c\u0103 a existat un caz mult mai grav (cazul profesorului universitar Alexandru Matei, care a h\u0103r\u021buit numeroase studente \u0219i femei care au ie\u0219it cu m\u0103rturii \u00een spa\u021biul public dup\u0103 ce mi-am f\u0103cut curaj s\u0103 vorbesc prima. I s-a deschis chiar \u0219i dosar la poli\u021bie. Povestea aceasta s-a petrecut la final de februarie 2024, suntem aproape \u00een iunie \u0219i nu s-a luat nicio m\u0103sur\u0103, deci nim\u0103nui, din p\u0103cate, nu i-ar p\u0103sa de ceva mult mai \u201emic\u201d). Acesta e mediul, experien\u021bele femeilor nu prea conteaz\u0103, misoginismul e \u00een floare.<\/p>\n\n\n\n<p><strong>OK, dar aceea e o anchet\u0103 \u00een e=desf\u0103\u0219urare, iar anchetele dureaz\u0103 uneori ani \u00een \u0219ir. De ce s\u0103 la\u0219i asta s\u0103 dicteze ac\u021biunile tale legate de alte nedrept\u0103\u021bi?<\/strong><\/p>\n\n\n\n<p>M\u0103lina: Cea mai mare team\u0103 a mea (\u00een continuare) e s\u0103 nu ias\u0103 \u0219i mai mult sc\u00e2ntei sau s\u0103 par\u0103 c\u0103 sunt \u201e\u00een goan\u0103 dup\u0103 bani\u201d. Cum am spus, am t\u0103cut, p\u00e2n\u0103 am aflat minciunile. <\/p>\n\n\n\n<p>Am vrut mai mult s\u0103 avertizez comunitatea tinerilor \u00een ce prive\u0219te integritatea acestui domn \u0219i s\u0103 se fereasc\u0103 de concursurile la care e organizator. \u0218i dac\u0103 a\u0219 suna la centrul respectiv, sunt 99% sigur\u0103 c\u0103 dintre cuv\u00e2ntul meu \u0219i cuv\u00e2ntul lui, al s\u0103u va c\u00e2nt\u0103ri mai mult. <\/p>\n\n\n\n<p>Voiam m\u0103car un \u201eScuze, b\u0103, nu mi-am dat seama c\u00e2t te va afecta asta, am fost un bou \u0219i trebuia s\u0103 nu inventez nimic despre tine, din moment ce tu ai t\u0103cut \u0219i am r\u0103mas cu banii t\u0103i\u201d, dar prostul p\u00e2n\u0103 nu e \u0219i fudul, nu e prost destul. <\/p>\n\n\n\n<p><strong>Dac\u0103 vrei s\u0103 se sschimbe sistemul, sc\u00e2nteile sunt inevitabile, deci embrace the sc\u00e2ntei, c\u0103 vei tr\u0103i cu ele toat\u0103 via\u021ba. Iar banii sau \u021bi-i ceri, sau r\u0103m\u00e2i fata bun\u0103 \u0219i \u021bepuit\u0103. Cum vei proceda \u00een alte concursuri? <\/strong><\/p>\n\n\n\n<p>M\u0103lina: Am renun\u021bat s\u0103 mai particip la concursuri, \u00eencep\u00e2nd de anul acesta. Le-am c\u00e2\u0219tigat aproape pe toate (\u0219i nu o spun cu arogan\u021b\u0103 sau superioritate) \u0219i consider c\u0103 am trecut la \u201eetapa urm\u0103toare\u201d, dac\u0103 vreau s\u0103 am ceva suficient de calitativ \u00eenc\u00e2t s\u0103 debutez. Oricum, dac\u0103 va fi cazul \u0219i se va repeta, \u00een mod clar nu a\u0219 mai accepta \u0219i a\u0219 face \u0219i scandal, dac\u0103 e nevoie, pentru a-mi primi banii. E mai mult dec\u00e2t o treab\u0103 de bun sim\u021b, practic s-au aruncat dejec\u021bii peste munca mea.<\/p>\n\n\n\n<figure class=\"wp-block-image size-full is-resized\"><img data-recalc-dims=\"1\" loading=\"lazy\" decoding=\"async\" width=\"626\" height=\"1009\" src=\"https:\/\/i0.wp.com\/lorenalupu.com\/blog\/wp-content\/uploads\/2024\/05\/image-6.png?resize=626%2C1009&#038;ssl=1\" alt=\"\" class=\"wp-image-26525\" style=\"width:310px;height:auto\" srcset=\"https:\/\/i0.wp.com\/lorenalupu.com\/blog\/wp-content\/uploads\/2024\/05\/image-6.png?w=626&amp;ssl=1 626w, https:\/\/i0.wp.com\/lorenalupu.com\/blog\/wp-content\/uploads\/2024\/05\/image-6.png?resize=186%2C300&amp;ssl=1 186w, https:\/\/i0.wp.com\/lorenalupu.com\/blog\/wp-content\/uploads\/2024\/05\/image-6.png?resize=93%2C150&amp;ssl=1 93w\" sizes=\"auto, (max-width: 626px) 100vw, 626px\" \/><\/figure>\n\n\n\n<figure class=\"wp-block-image size-full is-resized\"><img data-recalc-dims=\"1\" loading=\"lazy\" decoding=\"async\" width=\"700\" height=\"631\" src=\"https:\/\/i0.wp.com\/lorenalupu.com\/blog\/wp-content\/uploads\/2024\/05\/image-7.png?resize=700%2C631&#038;ssl=1\" alt=\"\" class=\"wp-image-26526\" style=\"width:327px;height:auto\" srcset=\"https:\/\/i0.wp.com\/lorenalupu.com\/blog\/wp-content\/uploads\/2024\/05\/image-7.png?w=720&amp;ssl=1 720w, https:\/\/i0.wp.com\/lorenalupu.com\/blog\/wp-content\/uploads\/2024\/05\/image-7.png?resize=300%2C270&amp;ssl=1 300w, https:\/\/i0.wp.com\/lorenalupu.com\/blog\/wp-content\/uploads\/2024\/05\/image-7.png?resize=150%2C135&amp;ssl=1 150w\" sizes=\"auto, (max-width: 700px) 100vw, 700px\" \/><\/figure>\n\n\n\n<p>(Screenshots cu M\u0103lina cer\u00e2ndu-\u0219i  banii \u0219i r\u0103spunsul prietenei care i-a transmis r\u0103spunsul organizatorilor.) <\/p>\n\n\n\n<p>Contactat \u00een leg\u0103tur\u0103 cu situa\u021bia, Ioan Manole a r\u0103spuns: \u201eNu v\u0103 cunosc, nu \u0219tiu despre ce vorbi\u021bi, iar \u00een ultimii dou\u0103zeci \u0219i cinci de ani nu am avut nici un fel de problem\u0103 \u00een acest sens. Eu nu am f\u0103cut parte din niciun juriu la sec\u021biunea proz\u0103.\u201d<\/p>\n\n\n\n<p>Desigur, nu fusese \u00een juriu, dar fusese organizator. <\/p>\n\n\n\n<p><\/p>\n\n\n\n<figure class=\"wp-block-image size-full\"><img data-recalc-dims=\"1\" loading=\"lazy\" decoding=\"async\" width=\"700\" height=\"298\" src=\"https:\/\/i0.wp.com\/lorenalupu.com\/blog\/wp-content\/uploads\/2024\/05\/manole.jpg?resize=700%2C298&#038;ssl=1\" alt=\"\" class=\"wp-image-26527\" srcset=\"https:\/\/i0.wp.com\/lorenalupu.com\/blog\/wp-content\/uploads\/2024\/05\/manole.jpg?w=720&amp;ssl=1 720w, https:\/\/i0.wp.com\/lorenalupu.com\/blog\/wp-content\/uploads\/2024\/05\/manole.jpg?resize=300%2C128&amp;ssl=1 300w, https:\/\/i0.wp.com\/lorenalupu.com\/blog\/wp-content\/uploads\/2024\/05\/manole.jpg?resize=150%2C64&amp;ssl=1 150w\" sizes=\"auto, (max-width: 700px) 100vw, 700px\" \/><\/figure>\n\n\n\n<p>(screenshot din regulamentul concursului.) <\/p>\n\n\n\n<p>Evident c\u0103 nu putem specula cine a b\u0103gat la buzunar banii unei copile de 21 de ani. Dar e bine s\u0103 afle \u0219i sponsorii c\u0103 autorii nu-\u0219i primesc premiile. \u0218i mai devin \u0219i obiect de b\u00e2rfe, colac peste pup\u0103z\u0103. <\/p>\n\n\n\n<p>***<\/p>\n\n\n\n<p>Dac\u0103 apreciezi acest articol, po\u021bi sus\u021bine la r\u00e2ndul t\u0103u site-ul \u00een singurul mod care conteaz\u0103.&nbsp;<a href=\"https:\/\/www.paypal.com\/paypalme\/Trollywood\"><strong>Aici<\/strong><\/a>. <\/p>\n\n\n\n<p>***<\/p>\n\n\n\n<figure class=\"wp-block-image\"><a href=\"http:\/\/paypal.me\/Trollywood\"><img loading=\"lazy\" decoding=\"async\" width=\"300\" height=\"300\" src=\"https:\/\/i2.wp.com\/lorenalupu.com\/blog\/wp-content\/uploads\/2018\/03\/cafea-300x300.jpg?resize=300%2C300\" alt=\"\" class=\"wp-image-14577\" srcset=\"https:\/\/i0.wp.com\/lorenalupu.com\/blog\/wp-content\/uploads\/2018\/03\/cafea.jpg?resize=300%2C300&amp;ssl=1 300w, https:\/\/i0.wp.com\/lorenalupu.com\/blog\/wp-content\/uploads\/2018\/03\/cafea.jpg?resize=150%2C150&amp;ssl=1 150w, https:\/\/i0.wp.com\/lorenalupu.com\/blog\/wp-content\/uploads\/2018\/03\/cafea.jpg?resize=768%2C768&amp;ssl=1 768w, https:\/\/i0.wp.com\/lorenalupu.com\/blog\/wp-content\/uploads\/2018\/03\/cafea.jpg?resize=160%2C160&amp;ssl=1 160w, https:\/\/i0.wp.com\/lorenalupu.com\/blog\/wp-content\/uploads\/2018\/03\/cafea.jpg?resize=320%2C320&amp;ssl=1 320w, https:\/\/i0.wp.com\/lorenalupu.com\/blog\/wp-content\/uploads\/2018\/03\/cafea.jpg?resize=184%2C184&amp;ssl=1 184w, https:\/\/i0.wp.com\/lorenalupu.com\/blog\/wp-content\/uploads\/2018\/03\/cafea.jpg?resize=600%2C600&amp;ssl=1 600w, https:\/\/i0.wp.com\/lorenalupu.com\/blog\/wp-content\/uploads\/2018\/03\/cafea.jpg?resize=100%2C100&amp;ssl=1 100w, https:\/\/i0.wp.com\/lorenalupu.com\/blog\/wp-content\/uploads\/2018\/03\/cafea.jpg?w=931&amp;ssl=1 931w\" sizes=\"auto, (max-width: 300px) 100vw, 300px\" \/><\/a><\/figure>\n\n\n\n<p>***<\/p>\n\n\n\n<p>Vrei s\u0103 m\u0103 urm\u0103re\u015fti \u00een social media? \u00cemi po\u0163i da like pe&nbsp;<a href=\"https:\/\/www.facebook.com\/lorenaalmighty\/\"><strong>Facebook<\/strong><\/a>, follow pe&nbsp;<strong><a href=\"https:\/\/twitter.com\/lorenalupu\">Twitter<\/a><\/strong>&nbsp;\u015fi&nbsp;<strong><a href=\"https:\/\/www.instagram.com\/lorena.lup\/\">Instagram<\/a><\/strong>, subscribe pe&nbsp;<strong><a href=\"https:\/\/www.youtube.com\/channel\/UCCHBtHi6S2GlUFqETH70cjQ\">YouTube<\/a><\/strong>&nbsp;\u015fi pe<strong><a href=\"https:\/\/www.tiktok.com\/@lorena.lupu\">&nbsp;TikTok<\/a><\/strong>.<\/p>\n\n\n\n<p><\/p>\n\n\n\n<p><\/p>\n\n\n\n<p><\/p>\n","protected":false},"excerpt":{"rendered":"<p>O categorie pe care rom\u00e2nii rateaz\u0103 s-o sprijine de cel pu\u021bin jum\u0103tate de secol e aceea a tinerilor scriitori. Sigur, exist\u0103 excep\u021bii, c\u00e2nd t\u00e2n\u0103rul&#46;&#46;&#46;<\/p>\n","protected":false},"author":2,"featured_media":26532,"comment_status":"open","ping_status":"open","sticky":false,"template":"","format":"standard","meta":{"jetpack_post_was_ever_published":false,"_jetpack_newsletter_access":"","_jetpack_dont_email_post_to_subs":false,"_jetpack_newsletter_tier_id":0,"_jetpack_memberships_contains_paywalled_content":false,"_jetpack_memberships_contains_paid_content":false,"footnotes":"","jetpack_publicize_message":"","jetpack_publicize_feature_enabled":true,"jetpack_social_post_already_shared":true,"jetpack_social_options":{"image_generator_settings":{"template":"highway","default_image_id":0,"font":"","enabled":false},"version":2}},"categories":[1],"tags":[],"class_list":["post-26521","post","type-post","status-publish","format-standard","has-post-thumbnail","hentry","category-spicy"],"jetpack_publicize_connections":[],"jetpack_featured_media_url":"https:\/\/i0.wp.com\/lorenalupu.com\/blog\/wp-content\/uploads\/2024\/05\/malina1.jpg?fit=402%2C267&ssl=1","jetpack_sharing_enabled":true,"jetpack_likes_enabled":true,"_links":{"self":[{"href":"https:\/\/lorenalupu.com\/blog\/wp-json\/wp\/v2\/posts\/26521","targetHints":{"allow":["GET"]}}],"collection":[{"href":"https:\/\/lorenalupu.com\/blog\/wp-json\/wp\/v2\/posts"}],"about":[{"href":"https:\/\/lorenalupu.com\/blog\/wp-json\/wp\/v2\/types\/post"}],"author":[{"embeddable":true,"href":"https:\/\/lorenalupu.com\/blog\/wp-json\/wp\/v2\/users\/2"}],"replies":[{"embeddable":true,"href":"https:\/\/lorenalupu.com\/blog\/wp-json\/wp\/v2\/comments?post=26521"}],"version-history":[{"count":3,"href":"https:\/\/lorenalupu.com\/blog\/wp-json\/wp\/v2\/posts\/26521\/revisions"}],"predecessor-version":[{"id":26534,"href":"https:\/\/lorenalupu.com\/blog\/wp-json\/wp\/v2\/posts\/26521\/revisions\/26534"}],"wp:featuredmedia":[{"embeddable":true,"href":"https:\/\/lorenalupu.com\/blog\/wp-json\/wp\/v2\/media\/26532"}],"wp:attachment":[{"href":"https:\/\/lorenalupu.com\/blog\/wp-json\/wp\/v2\/media?parent=26521"}],"wp:term":[{"taxonomy":"category","embeddable":true,"href":"https:\/\/lorenalupu.com\/blog\/wp-json\/wp\/v2\/categories?post=26521"},{"taxonomy":"post_tag","embeddable":true,"href":"https:\/\/lorenalupu.com\/blog\/wp-json\/wp\/v2\/tags?post=26521"}],"curies":[{"name":"wp","href":"https:\/\/api.w.org\/{rel}","templated":true}]}}