{"id":27648,"date":"2025-02-20T04:08:54","date_gmt":"2025-02-20T01:08:54","guid":{"rendered":"https:\/\/lorenalupu.com\/blog\/?p=27648"},"modified":"2025-02-20T10:01:25","modified_gmt":"2025-02-20T07:01:25","slug":"yalta-2","status":"publish","type":"post","link":"https:\/\/lorenalupu.com\/blog\/yalta-2\/","title":{"rendered":"Yalta 2?"},"content":{"rendered":"\n<p>O s\u0103 \u00eei d\u0103m pauz\u0103 o zi lui Dilimache \u021a\u0103c\u0103nescu, nu f\u0103r\u0103 o mic\u0103 anecdot\u0103. <\/p>\n\n\n\n<p>I-a sharuit Musk t\u00e2mpeniile, a\u0219a cum sharuie\u0219te abera\u021biile tuturor extremi\u0219tilor de pretutideni, \u0219i a atras aten\u021bia unui activist politic \u0219i investitor pe nume Mario Nawfal (probabil urm\u0103torul milionar pe care \u00eel va face de bani.) Mario a luat \u00een serios faptul c\u0103 Rom\u00e2nia se vrea suveran\u0103 \u0219i ie\u0219it\u0103 din UE, pe regim de ap\u0103, paie \u0219i b\u0103taie, \u0219i dictatorii cei r\u0103i nu o las\u0103, \u0219i i-a f\u0103cut un interviu lui CG. Prima \u00eentrebare: Cine e de vin\u0103 pentru anularea alegerilor? <\/p>\n\n\n\n<p>\u00cen Rom\u00e2nia, r\u0103spunsul dementului a fost \u00eentotdeauna: PSD, PNL, statul paralel, Soros. Dar cum Mario Nawfal habar nu avea ce e cu \u0103\u0219tia, c\u0103 Soros n-a donat nimic \u00een Dubai, brusc s-a schimbat r\u0103spunsul: Biden \u0219i UE. Presupunerea c\u0103 Biden \u0219i UE s-au adunat ei la un col\u021b de bufet de autogar\u0103 s\u0103 unelteasc\u0103 ei \u00eempotriva lui guru mi s-a p\u0103rut at\u00e2t de hazlie, \u00eenc\u00e2t aproape c\u0103 am uitat c\u0103 situa\u021bia e groas\u0103. <\/p>\n\n\n\n<p>Dar, dragi copii, situa\u021bia e groas\u0103, \u0219i trebuie s\u0103 ne mobiliz\u0103m s\u0103 mergem la vot pentru c\u0103, acum mai mult dec\u00e2t oric\u00e2nd, avem nevoie de un pre\u0219edinte s\u0103n\u0103tos mintal \u0219i bine inten\u021bionat. <\/p>\n\n\n\n<p>Se pare c\u0103, la Riad, Rusia a cerut americanilor nici mai mult nici mai pu\u021bin dec\u00e2t s\u0103-\u0219i adune juc\u0103ricile din toat\u0103 Europa de Est \u0219i s\u0103 \u00eei dea Rusiei \u00eenapoi terenul ei de joac\u0103. <\/p>\n\n\n\n<p>Dac\u0103 SUA a abandonat cu totul Ucraina, \u0219i acum Trump are tupeul jegos s\u0103-l fac\u0103 pe Zelenski dictator, \u00een cazul Rom\u00e2niei a spus, deocamdat\u0103, \u201enu\u201d.<\/p>\n\n\n\n<p>Legat de situa\u021bia Ucrainei, propriii lui republicani se ceart\u0103 cu el. <\/p>\n\n\n\n<figure class=\"wp-block-image size-large is-resized\"><img data-recalc-dims=\"1\" loading=\"lazy\" decoding=\"async\" width=\"700\" height=\"294\" src=\"https:\/\/i0.wp.com\/lorenalupu.com\/blog\/wp-content\/uploads\/2025\/02\/Imagine-WhatsApp-2025-02-19-la-22.14.27_96885138.jpg?resize=700%2C294&#038;ssl=1\" alt=\"\" class=\"wp-image-27649\" style=\"width:664px;height:auto\" srcset=\"https:\/\/i0.wp.com\/lorenalupu.com\/blog\/wp-content\/uploads\/2025\/02\/Imagine-WhatsApp-2025-02-19-la-22.14.27_96885138.jpg?resize=1024%2C430&amp;ssl=1 1024w, https:\/\/i0.wp.com\/lorenalupu.com\/blog\/wp-content\/uploads\/2025\/02\/Imagine-WhatsApp-2025-02-19-la-22.14.27_96885138.jpg?resize=300%2C126&amp;ssl=1 300w, https:\/\/i0.wp.com\/lorenalupu.com\/blog\/wp-content\/uploads\/2025\/02\/Imagine-WhatsApp-2025-02-19-la-22.14.27_96885138.jpg?resize=150%2C63&amp;ssl=1 150w, https:\/\/i0.wp.com\/lorenalupu.com\/blog\/wp-content\/uploads\/2025\/02\/Imagine-WhatsApp-2025-02-19-la-22.14.27_96885138.jpg?resize=768%2C323&amp;ssl=1 768w, https:\/\/i0.wp.com\/lorenalupu.com\/blog\/wp-content\/uploads\/2025\/02\/Imagine-WhatsApp-2025-02-19-la-22.14.27_96885138.jpg?w=1080&amp;ssl=1 1080w\" sizes=\"auto, (max-width: 700px) 100vw, 700px\" \/><\/figure>\n\n\n\n<figure class=\"wp-block-image size-large is-resized\"><img data-recalc-dims=\"1\" loading=\"lazy\" decoding=\"async\" width=\"700\" height=\"215\" src=\"https:\/\/i0.wp.com\/lorenalupu.com\/blog\/wp-content\/uploads\/2025\/02\/Imagine-WhatsApp-2025-02-19-la-22.14.27_6fe7e233.jpg?resize=700%2C215&#038;ssl=1\" alt=\"\" class=\"wp-image-27650\" style=\"width:656px;height:auto\" srcset=\"https:\/\/i0.wp.com\/lorenalupu.com\/blog\/wp-content\/uploads\/2025\/02\/Imagine-WhatsApp-2025-02-19-la-22.14.27_6fe7e233.jpg?resize=1024%2C315&amp;ssl=1 1024w, https:\/\/i0.wp.com\/lorenalupu.com\/blog\/wp-content\/uploads\/2025\/02\/Imagine-WhatsApp-2025-02-19-la-22.14.27_6fe7e233.jpg?resize=300%2C92&amp;ssl=1 300w, https:\/\/i0.wp.com\/lorenalupu.com\/blog\/wp-content\/uploads\/2025\/02\/Imagine-WhatsApp-2025-02-19-la-22.14.27_6fe7e233.jpg?resize=150%2C46&amp;ssl=1 150w, https:\/\/i0.wp.com\/lorenalupu.com\/blog\/wp-content\/uploads\/2025\/02\/Imagine-WhatsApp-2025-02-19-la-22.14.27_6fe7e233.jpg?resize=768%2C236&amp;ssl=1 768w, https:\/\/i0.wp.com\/lorenalupu.com\/blog\/wp-content\/uploads\/2025\/02\/Imagine-WhatsApp-2025-02-19-la-22.14.27_6fe7e233.jpg?w=1080&amp;ssl=1 1080w\" sizes=\"auto, (max-width: 700px) 100vw, 700px\" \/><\/figure>\n\n\n\n<p>Cu c\u00e2t criza din America, provocat\u0103 de incompeten\u021ba \u0219i declinul mintal vizibil al lui Trump, se aprofundeaz\u0103, cu at\u00e2t va aloca resurse mai pu\u021bine pentru ap\u0103rarea Europei de Est, \u0219i \u00een acest caz, m\u0103 repet, avem nevoie DE UN PRE\u0218EDINTE S\u0102N\u0102TOS CU CAPUL. <\/p>\n\n\n\n<p>Partea bun\u0103 e c\u0103 UE nu se complace, \u0219i c\u0103 Zelenski nu se complace. Statele Europene organizeaz\u0103 planuri de ap\u0103rare \u0219i caut\u0103 solu\u021bii. Asta ne poate c\u00e2\u0219tiga timp. C\u00e2t timp, nu \u0219tiu. <\/p>\n\n\n\n<p>Pe de alt\u0103 parte, urm\u00e2nd tradi\u021bia istoric\u0103 a regiunii, unde, dac\u0103 vrei s\u0103 scapi de ru\u0219i, ba\u021bi la \u00cenalta Poart\u0103 a turcilor, Zelenski a trecut pe la Erdogan zilele astea \u0219i a avut parte de deplina asigurare a sprijinului acestuia. Dac\u0103 Erdogan se \u021bine de cuv\u00e2nt \u0219i intr\u0103 al\u0103turi de Ucraina, Rusia va fi atacat\u0103 din dou\u0103 direc\u021bii \u0219i, din nou, asta ne mai poate c\u00e2\u0219tiga ni\u0219te timp. C\u00e2t timp, nu \u0219tiu. <\/p>\n\n\n\n<p>Tr\u0103im vremuri extrem, dar extrem de complicate. \u0218i acum, mai mult dec\u00e2t oric\u00e2nd, e important s\u0103 alegem un pre\u0219edinte s\u0103n\u0103tos cu capul. \u00cen primul tur, am votat-o pe Lasconi, dar nu mi-a pl\u0103cut cum i-a dat ap\u0103 la moar\u0103 lui Dilimache \u0219i cum crizele ei au scos USR din alian\u021ba de guvernare. Acum, l-a\u0219 vota pe Nicu\u0219or, pentru c\u0103 omul are r\u0103bdare \u0219i tact pentru situa\u021bii complicate, dar m\u0103 atrage Bolojan c\u0103 n-a cedat presiunii de a se justifica pentru anularea primului tur. Sau suntem suverani\u0219ti, sau st\u0103m s\u0103 d\u0103m explica\u021bii oricui se bag\u0103 \u00een treaba noastr\u0103. <\/p>\n\n\n\n<p>Ce e clar, din p\u0103cate, e c\u0103 SUA a luat-o tare la vale \u0219i c\u0103, indiferent ce a oferit Putin s\u0103 bat\u0103 oferta de 50% din mineralele \u021b\u0103rii, dealul propus Ucrainei, a fost acceptat. <\/p>\n\n\n\n<p>Va reu\u0219i valul de dezaprobare republican\u0103 s\u0103-l trezeasc\u0103 pe Trump la realitate? Sau r\u0103m\u00e2ne \u00een acest univers paralel construit cu Musk? <\/p>\n\n\n\n<p>Niciodat\u0103 ziua de m\u00e2ine nu a fost mai nesigur\u0103. \u0218i de aceea, subliniez \u00eenc\u0103 o dat\u0103: dac\u0103 nu vrem s\u0103 m\u00e2nc\u0103m to\u021bi aer de munte \u0219i fructe de p\u0103dure, hai s\u0103 vot\u0103m un pre\u0219edinte s\u0103n\u0103tos cu capul. \u0218i netic\u0103los. Nu v\u0103 l\u0103sa\u021bi speria\u021bi de postaci, oricum opt din zece sunt col\u021buri false. S\u0103 ne salv\u0103m \u021bara, dac\u0103 oricum nu putem salva lumea. <\/p>\n\n\n\n<p>***<\/p>\n\n\n\n<p>Cafeaua de la tine e inspira\u021bia mea. \ud83d\ude00<\/p>\n\n\n\n<figure class=\"wp-block-image\"><a href=\"https:\/\/www.paypal.com\/paypalme\/Trollywood\"><img loading=\"lazy\" decoding=\"async\" width=\"250\" height=\"82\" src=\"https:\/\/i0.wp.com\/lorenalupu.com\/blog\/wp-content\/uploads\/2024\/01\/paypal-.jpg?w=700&amp;ssl=1\" alt=\"\" class=\"wp-image-25884\" srcset=\"https:\/\/i0.wp.com\/lorenalupu.com\/blog\/wp-content\/uploads\/2024\/01\/paypal-.jpg?w=250&amp;ssl=1 250w, https:\/\/i0.wp.com\/lorenalupu.com\/blog\/wp-content\/uploads\/2024\/01\/paypal-.jpg?resize=150%2C49&amp;ssl=1 150w\" sizes=\"auto, (max-width: 250px) 100vw, 250px\" \/><\/a><\/figure>\n\n\n\n<p>***<\/p>\n\n\n\n<p>Vrei s\u0103 m\u0103 urm\u0103re\u015fti \u00een social media? \u00cemi po\u0163i da follow pe&nbsp;<a href=\"https:\/\/www.facebook.com\/lorenaalmighty\/\"><strong>Facebook<\/strong><\/a>&nbsp;\u015fi&nbsp;<strong><a href=\"https:\/\/www.instagram.com\/lorena.lup\/\">Instagram<\/a><\/strong>, subscribe pe&nbsp;<strong><a href=\"https:\/\/www.youtube.com\/channel\/UCCHBtHi6S2GlUFqETH70cjQ\">YouTube<\/a><\/strong>&nbsp;\u015fi pe<strong><a href=\"https:\/\/www.tiktok.com\/@lorena.lupu\">&nbsp;TikTok<\/a><\/strong>.<\/p>\n\n\n\n<p>***<\/p>\n\n\n\n<p><\/p>\n","protected":false},"excerpt":{"rendered":"<p>O s\u0103 \u00eei d\u0103m pauz\u0103 o zi lui Dilimache \u021a\u0103c\u0103nescu, nu f\u0103r\u0103 o mic\u0103 anecdot\u0103. I-a sharuit Musk t\u00e2mpeniile, a\u0219a cum sharuie\u0219te abera\u021biile tuturor&#46;&#46;&#46;<\/p>\n","protected":false},"author":2,"featured_media":27651,"comment_status":"open","ping_status":"open","sticky":false,"template":"","format":"standard","meta":{"jetpack_post_was_ever_published":false,"_jetpack_newsletter_access":"","_jetpack_dont_email_post_to_subs":false,"_jetpack_newsletter_tier_id":0,"_jetpack_memberships_contains_paywalled_content":false,"_jetpack_memberships_contains_paid_content":false,"footnotes":"","jetpack_publicize_message":"","jetpack_publicize_feature_enabled":true,"jetpack_social_post_already_shared":true,"jetpack_social_options":{"image_generator_settings":{"template":"highway","default_image_id":0,"font":"","enabled":false},"version":2}},"categories":[1],"tags":[],"class_list":["post-27648","post","type-post","status-publish","format-standard","has-post-thumbnail","hentry","category-spicy"],"jetpack_publicize_connections":[],"jetpack_featured_media_url":"https:\/\/i0.wp.com\/lorenalupu.com\/blog\/wp-content\/uploads\/2025\/02\/9ktlwk.jpg?fit=566%2C441&ssl=1","jetpack_sharing_enabled":true,"jetpack_likes_enabled":true,"_links":{"self":[{"href":"https:\/\/lorenalupu.com\/blog\/wp-json\/wp\/v2\/posts\/27648","targetHints":{"allow":["GET"]}}],"collection":[{"href":"https:\/\/lorenalupu.com\/blog\/wp-json\/wp\/v2\/posts"}],"about":[{"href":"https:\/\/lorenalupu.com\/blog\/wp-json\/wp\/v2\/types\/post"}],"author":[{"embeddable":true,"href":"https:\/\/lorenalupu.com\/blog\/wp-json\/wp\/v2\/users\/2"}],"replies":[{"embeddable":true,"href":"https:\/\/lorenalupu.com\/blog\/wp-json\/wp\/v2\/comments?post=27648"}],"version-history":[{"count":3,"href":"https:\/\/lorenalupu.com\/blog\/wp-json\/wp\/v2\/posts\/27648\/revisions"}],"predecessor-version":[{"id":27655,"href":"https:\/\/lorenalupu.com\/blog\/wp-json\/wp\/v2\/posts\/27648\/revisions\/27655"}],"wp:featuredmedia":[{"embeddable":true,"href":"https:\/\/lorenalupu.com\/blog\/wp-json\/wp\/v2\/media\/27651"}],"wp:attachment":[{"href":"https:\/\/lorenalupu.com\/blog\/wp-json\/wp\/v2\/media?parent=27648"}],"wp:term":[{"taxonomy":"category","embeddable":true,"href":"https:\/\/lorenalupu.com\/blog\/wp-json\/wp\/v2\/categories?post=27648"},{"taxonomy":"post_tag","embeddable":true,"href":"https:\/\/lorenalupu.com\/blog\/wp-json\/wp\/v2\/tags?post=27648"}],"curies":[{"name":"wp","href":"https:\/\/api.w.org\/{rel}","templated":true}]}}