{"id":27660,"date":"2025-02-22T03:32:05","date_gmt":"2025-02-22T00:32:05","guid":{"rendered":"https:\/\/lorenalupu.com\/blog\/?p=27660"},"modified":"2025-02-22T10:25:35","modified_gmt":"2025-02-22T07:25:35","slug":"de-ce-nu-ma-deranjeaza-candidatura-lui-becali","status":"publish","type":"post","link":"https:\/\/lorenalupu.com\/blog\/de-ce-nu-ma-deranjeaza-candidatura-lui-becali\/","title":{"rendered":"De ce nu m\u0103 deranjeaz\u0103 candidatura lui Becali"},"content":{"rendered":"\n<p>Ieri, am v\u0103zut pe social media c\u0103 unii oameni s-au cam enervat c\u0103 Gigi Becali \u0219i-a anun\u021bat candidatura la preziden\u021biale. C\u0103 de ce, c\u0103 de ce e nevoie \u0219i de \u0103sta, c\u0103 vrea putere, c\u0103 a\u0219a \u0219i pe dincolo. <\/p>\n\n\n\n<p>Mie mi se pare c\u0103 e un lucru bun faptul c\u0103 acest om candideaz\u0103, \u0219i iat\u0103 de ce: <\/p>\n\n\n\n<p><strong>1. Nu cred c\u0103 to\u021bi suverani\u0219tii sunt v\u00e2ndu\u021bi lui Putin. <\/strong><\/p>\n\n\n\n<p>Exist\u0103 o felie de popula\u021bie care e \u00een mod sincer dornic\u0103 de mai mult\u0103 cultur\u0103 rom\u00e2neasc\u0103, mai mult\u0103 aten\u021bie fa\u021b\u0103 de tradi\u021bia rom\u00e2neasc\u0103 \u0219i mai mult\u0103 iubire de \u021bar\u0103. Nu e vina lor c\u0103 Putin a detectat c\u0103 acestor oameni nu li s-a propus anterior nimic \u0219i a \u00eenfiin\u021bat aceste partide neofasciste care \u00eembin\u0103 na\u021bionalismul de parad\u0103, declarativ \u0219i pompos, cu decizii deopolitice \u0219i economice distructive, cum ar fi retragerea din NATO \u0219i UE. <\/p>\n\n\n\n<p>Becali este o noutate: un na\u021bionalist care \u00een\u021belege foarte bine importan\u021ba apartenen\u021bei la NATO \u0219i UE \u0219i nu merge dup\u0103 fent\u0103. Acest interviu r\u0103m\u00e2ne iconic: <\/p>\n\n\n\n<figure class=\"wp-block-embed is-type-video is-provider-youtube wp-block-embed-youtube wp-embed-aspect-16-9 wp-has-aspect-ratio\"><div class=\"wp-block-embed__wrapper\">\n<div class=\"video-container\"><span class=\"embed-youtube\" style=\"text-align:center; display: block;\"><iframe loading=\"lazy\" class=\"youtube-player\" width=\"700\" height=\"394\" src=\"https:\/\/www.youtube.com\/embed\/hboKQXB8d-M?version=3&#038;rel=1&#038;showsearch=0&#038;showinfo=1&#038;iv_load_policy=1&#038;fs=1&#038;hl=en-US&#038;autohide=2&#038;wmode=transparent\" allowfullscreen=\"true\" style=\"border:0;\" sandbox=\"allow-scripts allow-same-origin allow-popups allow-presentation allow-popups-to-escape-sandbox\"><\/iframe><\/span><\/div>\n<\/div><\/figure>\n\n\n\n<p>Strict pe baza acestui interviu, Becali \u00eei bate la logic\u0103 \u0219i g\u00e2ndire critic\u0103 pe Georgescu, \u0218o\u0219oac\u0103 \u0219i Simion. \u0218i ofer\u0103 o op\u021biune pentru na\u021bionalistul care nu vrea s\u0103 moar\u0103 de foame \u00eentr-o Rom\u00e2nie izolat\u0103, la mila lui Putin, p\u0103r\u0103sit\u0103 de investi\u021biile Europei. <\/p>\n\n\n\n<p><strong>2. Becali nu joac\u0103 dup\u0103 cum i se fluier\u0103. <\/strong><\/p>\n\n\n\n<p>Un lucru care mi-a pl\u0103cut la Bolojan e modul \u00een care, luat agresiv de intruziunile lui Trump \u0219i Musk, \u0219i de obr\u0103zniciile sfid\u0103toare ale lui Georgescu, a pus piciorul \u00een prag \u0219i, \u00een loc de o lung\u0103 justificare, a spus: Turul 2 e anulat legal \u0219i constitu\u021bional, din cauza intruziunii str\u0103ine, juca\u021bi-v\u0103 la scara voastr\u0103, hai, Macroane, la o bere. \u00cen timp ce Crinu\u021b Antonescu se panicase tot \u0219i explica cum trebuie s\u0103 ne cerem scuze cu basca \u00een m\u00e2n\u0103 c\u0103 am dat amenin\u021barea putinist\u0103 la o parte. Bitch, no, nu trebuie s\u0103 ne cerem nicio scuz\u0103, e \u021bara noastr\u0103 \u0219i am muncit prea mult s-o ridic\u0103m la un anumit nivel pentru a ne arunca \u00een cap s\u0103 pup\u0103m c*r dictatorial la ordin. <\/p>\n\n\n\n<p>Nici Becali nu pare genul care s\u0103 se sperie de agariceli de-ale lui Musk \u0219i de b\u0103\u0219ini de-ale lui Putin, pentru c\u0103 a avut de a face cu agariceli \u0219i cu b\u0103\u0219ini de c\u00e2nd se \u0219tie. E bine de \u0219tiut c\u0103 au \u0219i suverani\u0219tii o op\u021biune care s\u0103 manifeste suveranitate real\u0103.<\/p>\n\n\n\n<p> Pentru c\u0103 Dilimache e efectiv marioneta lui Putin, \u0218o\u0219oac\u0103 are nevoie de mult\u0103, mult\u0103, MULT\u0102 terapie s\u0103 ajung\u0103 m\u0103car la nivelul de adult func\u021bional \u00een societate, iar Simion e o c\u00e2rp\u0103 f\u0103r\u0103 individualitate. Cum s\u0103 renun\u021bi la candidatura ta s\u0103-l ridici pe Georgescu, care te face sorosist la televizor \u0219i lipse\u0219te de la mitingul pe care tu \u00eel organizai pentru el? Eu \u00een lumea imediat urm\u0103toare mi-a\u0219 fi deta\u0219at imaginea public\u0103 de a lui Dilimache, mi-a\u0219 fi reafirmat candidatura \u0219i a\u0219 fi mimat c\u0103 Dilimache a \u00eencetat s\u0103 existe pentru mine. Nu s\u0103 organizez \u00een continuare miting de suport pentru unul care \u00eemi tot arat\u0103 cu c\u00e2t jet urineaz\u0103 pe suportul meu. <\/p>\n\n\n\n<p><strong>3. Becali nu ia voturi liberale, ia voturi na\u021bionaliste. <\/strong><\/p>\n\n\n\n<p>\u0218i sincer, fiecare vot luat de la triada neagr\u0103 Georgescu &#8211; \u0218o\u0219oac\u0103 &#8211; Simion, acest triunghi neuronal al Bermudelor, e o veste bun\u0103. M\u0103 bucur c\u0103 va candida \u0219i Ponta. Cu c\u00e2t mai mul\u021bi, cu at\u00e2t mai bine. S\u0103 ajung\u0103 la toat\u0103 lumea. <\/p>\n\n\n\n<p><strong>4. Becali nu are postaci. <\/strong><\/p>\n\n\n\n<p>C\u00e2nd nu v\u0103d conturi fake \u021bip\u00e2nd c\u0103 trebuie s\u0103 votezi masiv cu cutare, e semn c\u0103 acel candidat chiar crede \u00een sine \u0219i \u00een ce propune. \u0218i chiar dac\u0103 nu spun nimic, v\u0103d postacii de la o po\u0219t\u0103. \u0218i pe cei care m\u0103 \u00eenjur\u0103, \u0219i pe cei care m\u0103 aprob\u0103. Contul de postac e evident pentru mine, dup\u0103 15 ani de online. <\/p>\n\n\n\n<p><strong>5. Becali are o latur\u0103 social\u0103. <\/strong><\/p>\n\n\n\n<p>At\u00e2t Becali, c\u00e2t \u0219i guru, au avut multe afaceri cu statul \u0219i au absorbit o mul\u021bime de bani. Dar \u00een timp ce guru nu d\u0103 nimic nim\u0103nui, \u0219i direc\u021bia banilor e doar de la al\u021bii spre el &#8211; de unde to\u021bi acei milionari care \u00eel fug\u0103resc  c\u0103 i-a f\u0103cut de bani \u0219i droaia de bodyguarzi de zici c\u0103 e Michael Jackson la prima venire \u00een Rom\u00e2nia &#8211; Becali are un lung istoric de binefaceri. Sigur, multe promovate g\u0103l\u0103gios, dar dintre unul care nu d\u0103 nimic nim\u0103nui niciodat\u0103 \u0219i unul care vrea s\u0103 ajute pe cel mai n\u0103p\u0103stuit dec\u00e2t el, prefer omul care vrea s\u0103 ajute. <\/p>\n\n\n\n<p><strong>6. \u00cen caz de r\u0103zboi mondial, am mai mult\u0103 \u00eencredere \u00een Becali.<\/strong> <\/p>\n\n\n\n<p>S\u0103-l alegi pe Dilimache Putinescu pre\u0219edinte \u00eenseamn\u0103 s\u0103 intri \u00een r\u0103zboi al\u0103turi de ru\u0219i, s\u0103 \u00ee\u021bi \u00eentorci Europa \u00eempotriv\u0103, s\u0103 urmeze patru ani de m\u0103cel s\u00e2ngeros \u0219i, la final, americanii s\u0103 aleag\u0103 un pre\u0219edinte democrat, \u0103la s\u0103 se \u00eentoarc\u0103 la alia\u021bii de drept, iar Rom\u00e2nia s\u0103 \u00eempart\u0103 sanc\u021biuni de r\u0103zboi, foamete \u0219i mu** cu Rusia, jefuit\u0103 p\u00e2n\u0103 la ultima c\u0103r\u0103mid\u0103.<\/p>\n\n\n\n<p>Nici m\u0103car alia\u021bii istorici ai Rusiei, Belarusul, nu s-au b\u0103gat \u00een conversa\u021bia despre Ucraina cum a f\u0103cut-o Dilimache Putinescu. Nici Viktor Orban, un pro-putinist declarat. <\/p>\n\n\n\n<p>Becali ar alege corect Europa \u0219i, dup\u0103 acei patru ani, ne vom fi situat de partea corect\u0103 a istoriei, ca patrie martir\u0103, \u0219i am primi ajutor euro-american pentru reconstruc\u021bie. \u0218i pare genul care nu se intimideaz\u0103, nu se sperie \u0219i \u0219tie s\u0103 disting\u0103 o amenin\u021bare real\u0103 de o tentativ\u0103 de manipulare. <\/p>\n\n\n\n<p><strong>7. P\u00e2n\u0103 la urm\u0103, fie c\u0103 ne convine, fie c\u0103 nu, na\u021bionali\u0219tii formeaz\u0103 30% din popula\u021bie. <\/strong><\/p>\n\n\n\n<p>\u0218i dac\u0103 lene\u0219ii no\u0219tri nu se duc la vot, dup\u0103 bun obicei rom\u00e2nesc, ei vor da pre\u0219edintele. M\u0103car s\u0103 fie unul cu care po\u021bi s\u0103 te \u00een\u021belegi. <\/p>\n\n\n\n<p>Iar dac\u0103 lene\u0219ii no\u0219tri se duc la vot, totul va fi bine. <\/p>\n\n\n\n<p>***<\/p>\n\n\n\n<p>Cafeaua de la tine e inspira\u021bia mea. \ud83d\ude00<\/p>\n\n\n\n<figure class=\"wp-block-image\"><a href=\"https:\/\/www.paypal.com\/paypalme\/Trollywood\"><img loading=\"lazy\" decoding=\"async\" width=\"250\" height=\"82\" src=\"https:\/\/i0.wp.com\/lorenalupu.com\/blog\/wp-content\/uploads\/2024\/01\/paypal-.jpg?w=700&amp;ssl=1\" alt=\"\" class=\"wp-image-25884\" srcset=\"https:\/\/i0.wp.com\/lorenalupu.com\/blog\/wp-content\/uploads\/2024\/01\/paypal-.jpg?w=250&amp;ssl=1 250w, https:\/\/i0.wp.com\/lorenalupu.com\/blog\/wp-content\/uploads\/2024\/01\/paypal-.jpg?resize=150%2C49&amp;ssl=1 150w\" sizes=\"auto, (max-width: 250px) 100vw, 250px\" \/><\/a><\/figure>\n\n\n\n<p>***<\/p>\n\n\n\n<p>Vrei s\u0103 m\u0103 urm\u0103re\u015fti \u00een social media? \u00cemi po\u0163i da follow pe&nbsp;<a href=\"https:\/\/www.facebook.com\/lorenaalmighty\/\"><strong>Facebook<\/strong><\/a>&nbsp;\u015fi&nbsp;<strong><a href=\"https:\/\/www.instagram.com\/lorena.lup\/\">Instagram<\/a><\/strong>, subscribe pe&nbsp;<strong><a href=\"https:\/\/www.youtube.com\/channel\/UCCHBtHi6S2GlUFqETH70cjQ\">YouTube<\/a><\/strong>&nbsp;\u015fi pe<strong><a href=\"https:\/\/www.tiktok.com\/@lorena.lupu\">&nbsp;TikTok<\/a><\/strong>.<\/p>\n\n\n\n<p>***<\/p>\n\n\n\n<p><\/p>\n","protected":false},"excerpt":{"rendered":"<p>Ieri, am v\u0103zut pe social media c\u0103 unii oameni s-au cam enervat c\u0103 Gigi Becali \u0219i-a anun\u021bat candidatura la preziden\u021biale. C\u0103 de ce, c\u0103&#46;&#46;&#46;<\/p>\n","protected":false},"author":2,"featured_media":8939,"comment_status":"open","ping_status":"open","sticky":false,"template":"","format":"standard","meta":{"jetpack_post_was_ever_published":false,"_jetpack_newsletter_access":"","_jetpack_dont_email_post_to_subs":false,"_jetpack_newsletter_tier_id":0,"_jetpack_memberships_contains_paywalled_content":false,"_jetpack_memberships_contains_paid_content":false,"footnotes":"","jetpack_publicize_message":"","jetpack_publicize_feature_enabled":true,"jetpack_social_post_already_shared":true,"jetpack_social_options":{"image_generator_settings":{"template":"highway","default_image_id":0,"font":"","enabled":false},"version":2}},"categories":[1],"tags":[],"class_list":["post-27660","post","type-post","status-publish","format-standard","has-post-thumbnail","hentry","category-spicy"],"jetpack_publicize_connections":[],"jetpack_featured_media_url":"https:\/\/i0.wp.com\/lorenalupu.com\/blog\/wp-content\/uploads\/2015\/03\/gigi-becali.jpg?fit=912%2C698&ssl=1","jetpack_sharing_enabled":true,"jetpack_likes_enabled":true,"_links":{"self":[{"href":"https:\/\/lorenalupu.com\/blog\/wp-json\/wp\/v2\/posts\/27660","targetHints":{"allow":["GET"]}}],"collection":[{"href":"https:\/\/lorenalupu.com\/blog\/wp-json\/wp\/v2\/posts"}],"about":[{"href":"https:\/\/lorenalupu.com\/blog\/wp-json\/wp\/v2\/types\/post"}],"author":[{"embeddable":true,"href":"https:\/\/lorenalupu.com\/blog\/wp-json\/wp\/v2\/users\/2"}],"replies":[{"embeddable":true,"href":"https:\/\/lorenalupu.com\/blog\/wp-json\/wp\/v2\/comments?post=27660"}],"version-history":[{"count":2,"href":"https:\/\/lorenalupu.com\/blog\/wp-json\/wp\/v2\/posts\/27660\/revisions"}],"predecessor-version":[{"id":27662,"href":"https:\/\/lorenalupu.com\/blog\/wp-json\/wp\/v2\/posts\/27660\/revisions\/27662"}],"wp:featuredmedia":[{"embeddable":true,"href":"https:\/\/lorenalupu.com\/blog\/wp-json\/wp\/v2\/media\/8939"}],"wp:attachment":[{"href":"https:\/\/lorenalupu.com\/blog\/wp-json\/wp\/v2\/media?parent=27660"}],"wp:term":[{"taxonomy":"category","embeddable":true,"href":"https:\/\/lorenalupu.com\/blog\/wp-json\/wp\/v2\/categories?post=27660"},{"taxonomy":"post_tag","embeddable":true,"href":"https:\/\/lorenalupu.com\/blog\/wp-json\/wp\/v2\/tags?post=27660"}],"curies":[{"name":"wp","href":"https:\/\/api.w.org\/{rel}","templated":true}]}}