{"id":27721,"date":"2025-03-11T11:10:27","date_gmt":"2025-03-11T08:10:27","guid":{"rendered":"https:\/\/lorenalupu.com\/blog\/?p=27721"},"modified":"2025-03-11T11:10:30","modified_gmt":"2025-03-11T08:10:30","slug":"hai-ccr-credem-in-tine","status":"publish","type":"post","link":"https:\/\/lorenalupu.com\/blog\/hai-ccr-credem-in-tine\/","title":{"rendered":"Hai, CCR, credem \u00een tine"},"content":{"rendered":"\n<p>Prima reac\u0163ie a multor cet\u0103\u0163eni, inclusiv persoane educate, progresiste, civilizate, dup\u0103 anularea turului al doilea, a fost s\u0103 condamne CCR. Mai ales dac\u0103 o sus\u0163ineau pe Lasconi, \u015fi mai ales dac\u0103 au investit \u00een campania ei. <\/p>\n\n\n\n<p>Apoi, a \u00eenceput s\u0103 ias\u0103 la lumin\u0103 ipocrizia lui CG &#8211; \u0163ipa \u00een gura mare c\u0103 nu are colabor\u0103ri cu partidele de la putere, chit c\u0103 a avut ani \u00een \u015fir sinecuri confortabile sub aripa PSD, \u0163ipa \u00een gura mare c\u0103 suntem fura\u0163i de 35 de ani, chit c\u0103 numitul furat nu l-a sup\u0103rat cu nimic c\u00e2t timp \u00eei umplea \u015fi lui buzunarele, \u0163ipa c\u0103 vrem o \u0163ar\u0103 suveran\u0103, \u00een timp ce declara\u0163iile lui subminau suveranitatea unei \u0163\u0103ri vecine aflate sub o invazie pe care o nega cu tupeu, \u0163ipa anti Soros \u015fi USAID, de\u015fi s-a sc\u0103ldat f\u0103r\u0103 jen\u0103 \u00een banii lor, c\u00e2t timp veneau, \u0163ipa c\u0103 ne lu\u0103m \u0163ara \u00eenapoi de la occidentalii care au firme legitime, pl\u0103tesc impozite corecte \u015fi ofer\u0103 sute de mii de locuri de munc\u0103, dar era preg\u0103tit s\u0103 dea aurul \u0163\u0103rii, un avut al nostru al tuturor, pe m\u00e2na lui Frank Timi\u015f, pentru beneficii personale. <\/p>\n\n\n\n<p>Mai grav dec\u00e2t asta, au reie\u015fit rela\u0163iile lui cu Kremlinul \u015fi cu grupurile de mercenari cu care \u00ee\u015fi propunea s\u0103 \u0163in\u0103 popula\u0163ia civil\u0103 sub control. \u015ei c\u00e2nd am \u00een\u0163eles to\u0163i cei cu minimum un neuron func\u0163ional c\u0103 ni se preg\u0103te\u015fte s\u0103r\u0103cie crunt\u0103 \u00eentr-o dictatur\u0103 neofascist\u0103, decizia CCR ne-a ap\u0103rut \u00eentr-o lumin\u0103 nou\u0103. <\/p>\n\n\n\n<p>Azi, CCR poate da decizia care s\u0103 ne scape definitiv de Senilic\u0103 Putinic\u0103 \u015fi de minciunile lui insult\u0103toare la adresa inteligen\u0163ei. <\/p>\n\n\n\n<p>***<\/p>\n\n\n\n<p>CCR nu s-a temut de controvers\u0103 \u015fi a luat o decizie riscant\u0103, dar necesar\u0103, \u00eentr-un moment \u00een care milioane de rom\u00e2ni puseser\u0103 botul la basmele cu epoca de aur ale lui Dilimache. Acum, c\u00e2nd majoritatea ne-am trezit, c\u00e2nd singurii care manifesteaz\u0103 public la mitingurile lui Dilimache sunt cei pl\u0103ti\u0163i, cei foarte pro\u015fti \u015fi mercenarii care incendiaz\u0103 cl\u0103diri \u015fi bat oameni, nu are niciun motiv s\u0103 \u00eei mai dea vreo legitimitate lui guru nanocipuri \u015fi s\u0103 \u00eei mai trat\u0103m vreo secund\u0103 delirul ca pe ceva de care ar trebui s\u0103 ne temem. <\/p>\n\n\n\n<p>Mai mult, Dilimache \u00eensu\u015fi a amenin\u0163at CCR c\u0103 \u201evor pl\u0103ti scump\u201d anularea alegerilor, determin\u00e2nd replica aceea genial\u0103 reac\u021bie a pre\u0219edintelui CCR. \u201eDar ce, suntem pe vremea lui Ivan cel Groaznic?\u201d Unde scuipi, nu te duci s\u0103 lingi. CEDO i-a dat aceast\u0103 lec\u021bie lui Dilimache, c\u00e2nd, dup\u0103 luni interminabile de minciuni antieuropene, s-a trezit c\u0103 vrea dreptate la CEDO. Mai urmeaz\u0103 s\u0103-i dea \u0219i CCR capitolul al doilea al acestei lec\u021bii. <\/p>\n\n\n\n<p>M\u0103 a\u0219tept ca \u00een seara asta s\u0103 fie o nou\u0103 serie de violen\u021be de la interlopii lui CG, dar \u0219i aici e un pattern \u00eencurajator. Duminica, p\u0103rea c\u0103 \u00eencepe r\u0103scoala din 1907; luni abia s-au adunat 200 de am\u0103r\u0103\u0219teni. <\/p>\n\n\n\n<p>Omul simplu, care nu ia bani s\u0103 insiste \u00een post\u0103ceal\u0103 sau s\u0103 fac\u0103 scandal \u00een pie\u021be, se prinde rapid c\u0103 soarele lui guru a apus; mai trebuie s\u0103 aib\u0103 \u0219i George Simion aceast\u0103 revela\u021bie \u0219i s\u0103-\u0219i mute adula\u021bia de sclav umil \u0219i supus asupra altui master. Probabil c\u0103 dosarul acela de instigare la violen\u021b\u0103 \u00eel va ajuta. <\/p>\n\n\n\n<p>***<\/p>\n\n\n\n<p>Cafeaua de la tine m\u0103 motiveaz\u0103 s\u0103 scriu. \ud83d\ude00<\/p>\n\n\n\n<figure class=\"wp-block-image\"><a href=\"https:\/\/www.paypal.com\/paypalme\/Trollywood\"><img loading=\"lazy\" decoding=\"async\" width=\"250\" height=\"82\" src=\"https:\/\/i0.wp.com\/lorenalupu.com\/blog\/wp-content\/uploads\/2024\/01\/paypal-.jpg?w=700&amp;ssl=1\" alt=\"\" class=\"wp-image-25884\" srcset=\"https:\/\/i0.wp.com\/lorenalupu.com\/blog\/wp-content\/uploads\/2024\/01\/paypal-.jpg?w=250&amp;ssl=1 250w, https:\/\/i0.wp.com\/lorenalupu.com\/blog\/wp-content\/uploads\/2024\/01\/paypal-.jpg?resize=150%2C49&amp;ssl=1 150w\" sizes=\"auto, (max-width: 250px) 100vw, 250px\" \/><\/a><\/figure>\n\n\n\n<p>***<\/p>\n\n\n\n<p>Vrei s\u0103 m\u0103 urm\u0103re\u015fti \u00een social media? \u00cemi po\u0163i da follow pe&nbsp;<a href=\"https:\/\/www.facebook.com\/lorenaalmighty\/\"><strong>Facebook<\/strong><\/a>&nbsp;\u015fi&nbsp;<strong><a href=\"https:\/\/www.instagram.com\/lorena.lup\/\">Instagram<\/a><\/strong>, subscribe pe&nbsp;<strong><a href=\"https:\/\/www.youtube.com\/channel\/UCCHBtHi6S2GlUFqETH70cjQ\">YouTube<\/a><\/strong>&nbsp;\u015fi pe<strong><a href=\"https:\/\/www.tiktok.com\/@lorena.lupu\">&nbsp;TikTok<\/a><\/strong>.<\/p>\n\n\n\n<p>***<\/p>\n","protected":false},"excerpt":{"rendered":"<p>Prima reac\u0163ie a multor cet\u0103\u0163eni, inclusiv persoane educate, progresiste, civilizate, dup\u0103 anularea turului al doilea, a fost s\u0103 condamne CCR. Mai ales dac\u0103 o&#46;&#46;&#46;<\/p>\n","protected":false},"author":2,"featured_media":27723,"comment_status":"open","ping_status":"open","sticky":false,"template":"","format":"standard","meta":{"jetpack_post_was_ever_published":false,"_jetpack_newsletter_access":"","_jetpack_dont_email_post_to_subs":false,"_jetpack_newsletter_tier_id":0,"_jetpack_memberships_contains_paywalled_content":false,"_jetpack_memberships_contains_paid_content":false,"footnotes":"","jetpack_publicize_message":"","jetpack_publicize_feature_enabled":true,"jetpack_social_post_already_shared":true,"jetpack_social_options":{"image_generator_settings":{"template":"highway","default_image_id":0,"font":"","enabled":false},"version":2}},"categories":[1],"tags":[],"class_list":["post-27721","post","type-post","status-publish","format-standard","has-post-thumbnail","hentry","category-spicy"],"jetpack_publicize_connections":[],"jetpack_featured_media_url":"https:\/\/i0.wp.com\/lorenalupu.com\/blog\/wp-content\/uploads\/2025\/03\/480825318_9210374515736306_2644959316145309952_n.jpg?fit=1080%2C609&ssl=1","jetpack_sharing_enabled":true,"jetpack_likes_enabled":true,"_links":{"self":[{"href":"https:\/\/lorenalupu.com\/blog\/wp-json\/wp\/v2\/posts\/27721","targetHints":{"allow":["GET"]}}],"collection":[{"href":"https:\/\/lorenalupu.com\/blog\/wp-json\/wp\/v2\/posts"}],"about":[{"href":"https:\/\/lorenalupu.com\/blog\/wp-json\/wp\/v2\/types\/post"}],"author":[{"embeddable":true,"href":"https:\/\/lorenalupu.com\/blog\/wp-json\/wp\/v2\/users\/2"}],"replies":[{"embeddable":true,"href":"https:\/\/lorenalupu.com\/blog\/wp-json\/wp\/v2\/comments?post=27721"}],"version-history":[{"count":1,"href":"https:\/\/lorenalupu.com\/blog\/wp-json\/wp\/v2\/posts\/27721\/revisions"}],"predecessor-version":[{"id":27722,"href":"https:\/\/lorenalupu.com\/blog\/wp-json\/wp\/v2\/posts\/27721\/revisions\/27722"}],"wp:featuredmedia":[{"embeddable":true,"href":"https:\/\/lorenalupu.com\/blog\/wp-json\/wp\/v2\/media\/27723"}],"wp:attachment":[{"href":"https:\/\/lorenalupu.com\/blog\/wp-json\/wp\/v2\/media?parent=27721"}],"wp:term":[{"taxonomy":"category","embeddable":true,"href":"https:\/\/lorenalupu.com\/blog\/wp-json\/wp\/v2\/categories?post=27721"},{"taxonomy":"post_tag","embeddable":true,"href":"https:\/\/lorenalupu.com\/blog\/wp-json\/wp\/v2\/tags?post=27721"}],"curies":[{"name":"wp","href":"https:\/\/api.w.org\/{rel}","templated":true}]}}