{"id":28646,"date":"2025-10-10T12:45:58","date_gmt":"2025-10-10T09:45:58","guid":{"rendered":"https:\/\/lorenalupu.com\/blog\/?p=28646"},"modified":"2025-10-10T12:46:01","modified_gmt":"2025-10-10T09:46:01","slug":"mircea-cartarescu-si-premiul-nobel","status":"publish","type":"post","link":"https:\/\/lorenalupu.com\/blog\/mircea-cartarescu-si-premiul-nobel\/","title":{"rendered":"Mircea C\u0103rt\u0103rescu \u015fi premiul Nobel"},"content":{"rendered":"\n<p>Din nou, premiul Nobel pentru literatur\u0103 a fost magnetizant de aproape de Mircea C\u0103rt\u0103rescu. \u00cen lista mea de Facebook sunt suficien\u0163i scriitori s\u0103 tot v\u0103d discu\u0163ii legate de subiect \u00een ultimele s\u0103pt\u0103m\u00e2ni. Dar a sosit momentul decern\u0103rii \u015fi&#8230; premiul s-a dus la L\u00e1szl\u00f3 Krasznahorkai, un autor aflat \u00eentr-o situa\u0163ie profesional\u0103 \u015fi uman\u0103 mult mai dificil\u0103 dec\u00e2t C\u0103rt\u0103rescu, ca oponent al regimului despotic al lui Orb\u00e1n. Cum Orb\u00e1n e mare fan al lui Putin, nu se \u015ftie niciodat\u0103 c\u00e2nd \u00eencepe \u015fi el s\u0103 \u00eempart\u0103 ceaiuri \u015fi zboruri de la etaj adversarilor s\u0103i politici, prin urmare, ace\u015ftia au nevoie de toat\u0103 sus\u0163inerea interna\u0163ional\u0103 posibil\u0103. <\/p>\n\n\n\n<p>Spun cumva c\u0103 premiul a fost acordat pe criterii politice? Nu doar. Krasznahorkai e un autor talentat, literatura lui are for\u0163\u0103 \u015fi pasiune, \u015fi aceea\u015fi opozi\u0163ie feroce fa\u0163\u0103 de dictatur\u0103 \u015fi terorism care l-a f\u0103cut pe bietul Soros strawmanul favorit al Europei de Est. E cumva de la sine \u00een\u0163eles c\u0103, \u00eentr-o lume amenin\u0163at\u0103 de fascism, abuz \u015fi dictatur\u0103, demersul cultural imperativ necesar s\u0103 fie cel al rezisten\u0163ei, \u015fi, din acest punct de vedere, au premiat omul care \u00eentrupeaz\u0103 vocea individualit\u0103\u0163ii ce refuz\u0103 s\u0103 fac\u0103 temenele. <\/p>\n\n\n\n<p>C\u0103rt\u0103rescu al nostru r\u0103m\u00e2ne un monument cultural necontestat \u00eentr-o \u0163ar\u0103 care, slav\u0103 Domnului, e \u00een continuare liber\u0103, \u015fi nu e supus nici ca om, nici ca artist, presiunilor care \u00eel \u00eempov\u0103reaz\u0103 pe Krasznahorkai.<\/p>\n\n\n\n<p>Ce mi s-a p\u0103rut frumos? Faptul c\u0103, spre deosebire de al\u0163i ani, lumea noastr\u0103 literar\u0103 mic\u0103 \u015fi plin\u0103 de orgolii nu s-a bucurat de pierderea lui C\u0103rt\u0103rescu cu n\u0103duful \u015fi r\u0103utatea din anii preceden\u0163i. Ceea ce \u00eenseamn\u0103 c\u0103 noi, ca societate, am evoluat. <\/p>\n\n\n\n<p>P\u00e2n\u0103 s\u0103 m\u0103 baneze TikTok pe trei luni pentru mi\u015ftourile la adresa lui guru Georgescu, am avut o serie de videouri numit\u0103 365 de zile  de poezie, pe care restric\u0163ia respectiv\u0103 mi-a \u00eentrerupt-o pe la jum\u0103tate, chestie care m-a umplut de o lehamite at\u00e2t de profund\u0103, \u00eenc\u00e2t mi-am neglijat contul de TikTok chiar \u015fi dup\u0103 ce mi-au ridicat restric\u0163ia. De c\u00e2te ori citeam din C\u0103rt\u0103rescu, ap\u0103rea invidia. Tot soiul de scriitora\u015fi de m\u00e2na a treia \u015fi a patra, de care n-au auzit nici mamele lor, veneau s\u0103-l porc\u0103ie cu sete. \u015ei nu avea leg\u0103tur\u0103 cu talentul: spun o platitudine \u015fi un cli\u015feu c\u00e2nd spun c\u0103 textele lui C\u0103rt\u0103rescu sunt excep\u0163ionale. Avea leg\u0103tur\u0103 cu oftica tuturor scrib\u0103l\u0103ilor \u0103lora insignifian\u0163i pe succesul lui C\u0103rt\u0103rescu. E ca \u015fi cum succesul ar fi o materie prim\u0103 finit\u0103, ca petrolul, \u015fi dac\u0103 C\u0103rt\u0103rescu are o ton\u0103 de succes, e o ton\u0103 \u00een minus disponibil\u0103 pentru neica Pieleapulii. <\/p>\n\n\n\n<p>Irelevant ce sim\u0163i \u00een leg\u0103tur\u0103 cu asta, C\u0103rt\u0103rescu e unul dintre pu\u0163inii autori rom\u00e2ni de o valoare incontestabil\u0103, recunoscut\u0103 interna\u0163ional, iar valoarea cultural\u0103 a operei lui nu poate fi diminuat\u0103 de cl\u0103n\u0163\u0103nitul lui Gogu Prapure. Dar faptul c\u0103 noi ca popor eram at\u00e2t de porni\u0163i pe cel care reu\u015fise s\u0103 sparg\u0103 plafonul de sticl\u0103 era cumva ca-n bancul cu diavolul: Cazanul rom\u00e2nesc nu trebuie p\u0103zit; de cum se ridic\u0103 un p\u0103c\u0103tos, restul sar s\u0103-l trag\u0103 de picioare \u00eenapoi \u00een jos. <\/p>\n\n\n\n<p>Faptul c\u0103 anul \u0103sta nu v\u0103d bucurie r\u0103ut\u0103cioas\u0103 \u015fi mi\u015ftouri de rahat e semnul c\u0103, \u00een sf\u00e2r\u015fit, ne-am maturizat suficient s\u0103 \u00een\u0163elegem c\u0103, fie c\u0103 are Premiul Nobel, fie c\u0103 nu, C\u0103rt\u0103rescu e un reper cultural interna\u0163ional \u015fi un premiu pentru el e o confirmare valoric\u0103 pentru noi ca popor. <\/p>\n\n\n\n<p>M\u0103 bucur s\u0103 v\u0103d asta.<\/p>\n\n\n\n<p>\u015ei tot ce \u00eei doresc lui C\u0103rt\u0103rescu e s\u0103 ia premii pentru c\u0103 le merit\u0103, nu pentru c\u0103 Rom\u00e2nia are la putere un partid care-l amenin\u0163\u0103. Pe el \u015fi pe noi. <\/p>\n\n\n\n<p>***<\/p>\n\n\n\n<p>Izbe\u015fte autorul cu o cafea.<\/p>\n\n\n\n<figure class=\"wp-block-image\"><a href=\"https:\/\/www.paypal.com\/paypalme\/Trollywood\"><img loading=\"lazy\" decoding=\"async\" width=\"250\" height=\"82\" src=\"https:\/\/i0.wp.com\/lorenalupu.com\/blog\/wp-content\/uploads\/2024\/01\/paypal-.jpg?w=700&amp;ssl=1\" alt=\"\" class=\"wp-image-25884\" srcset=\"https:\/\/i0.wp.com\/lorenalupu.com\/blog\/wp-content\/uploads\/2024\/01\/paypal-.jpg?w=250&amp;ssl=1 250w, https:\/\/i0.wp.com\/lorenalupu.com\/blog\/wp-content\/uploads\/2024\/01\/paypal-.jpg?resize=150%2C49&amp;ssl=1 150w\" sizes=\"auto, (max-width: 250px) 100vw, 250px\" \/><\/a><\/figure>\n\n\n\n<p>***<\/p>\n\n\n\n<p>Vrei s\u0103 m\u0103 urm\u0103re\u015fti \u00een social media? \u00cemi po\u0163i da follow pe&nbsp;<a href=\"https:\/\/www.facebook.com\/lorenaalmighty\/\"><strong>Facebook<\/strong><\/a>&nbsp;\u015fi&nbsp;<strong><a href=\"https:\/\/www.instagram.com\/lorena.lup\/\">Instagram<\/a><\/strong>, subscribe pe&nbsp;<strong><a href=\"https:\/\/www.youtube.com\/channel\/UCCHBtHi6S2GlUFqETH70cjQ\">YouTube<\/a><\/strong>&nbsp;\u015fi pe<strong><a href=\"https:\/\/www.tiktok.com\/@lorena.lupu\">&nbsp;TikTok<\/a><\/strong>.<\/p>\n\n\n\n<p><\/p>\n","protected":false},"excerpt":{"rendered":"<p>Din nou, premiul Nobel pentru literatur\u0103 a fost magnetizant de aproape de Mircea C\u0103rt\u0103rescu. \u00cen lista mea de Facebook sunt suficien\u0163i scriitori s\u0103 tot&#46;&#46;&#46;<\/p>\n","protected":false},"author":2,"featured_media":10640,"comment_status":"open","ping_status":"open","sticky":false,"template":"","format":"standard","meta":{"jetpack_post_was_ever_published":false,"_jetpack_newsletter_access":"","_jetpack_dont_email_post_to_subs":false,"_jetpack_newsletter_tier_id":0,"_jetpack_memberships_contains_paywalled_content":false,"_jetpack_memberships_contains_paid_content":false,"footnotes":"","jetpack_publicize_message":"","jetpack_publicize_feature_enabled":true,"jetpack_social_post_already_shared":true,"jetpack_social_options":{"image_generator_settings":{"template":"highway","default_image_id":0,"font":"","enabled":false},"version":2}},"categories":[1],"tags":[],"class_list":["post-28646","post","type-post","status-publish","format-standard","has-post-thumbnail","hentry","category-spicy"],"jetpack_publicize_connections":[],"jetpack_featured_media_url":"https:\/\/i0.wp.com\/lorenalupu.com\/blog\/wp-content\/uploads\/2016\/04\/carte.jpg?fit=276%2C183&ssl=1","jetpack_sharing_enabled":true,"jetpack_likes_enabled":true,"_links":{"self":[{"href":"https:\/\/lorenalupu.com\/blog\/wp-json\/wp\/v2\/posts\/28646","targetHints":{"allow":["GET"]}}],"collection":[{"href":"https:\/\/lorenalupu.com\/blog\/wp-json\/wp\/v2\/posts"}],"about":[{"href":"https:\/\/lorenalupu.com\/blog\/wp-json\/wp\/v2\/types\/post"}],"author":[{"embeddable":true,"href":"https:\/\/lorenalupu.com\/blog\/wp-json\/wp\/v2\/users\/2"}],"replies":[{"embeddable":true,"href":"https:\/\/lorenalupu.com\/blog\/wp-json\/wp\/v2\/comments?post=28646"}],"version-history":[{"count":1,"href":"https:\/\/lorenalupu.com\/blog\/wp-json\/wp\/v2\/posts\/28646\/revisions"}],"predecessor-version":[{"id":28647,"href":"https:\/\/lorenalupu.com\/blog\/wp-json\/wp\/v2\/posts\/28646\/revisions\/28647"}],"wp:featuredmedia":[{"embeddable":true,"href":"https:\/\/lorenalupu.com\/blog\/wp-json\/wp\/v2\/media\/10640"}],"wp:attachment":[{"href":"https:\/\/lorenalupu.com\/blog\/wp-json\/wp\/v2\/media?parent=28646"}],"wp:term":[{"taxonomy":"category","embeddable":true,"href":"https:\/\/lorenalupu.com\/blog\/wp-json\/wp\/v2\/categories?post=28646"},{"taxonomy":"post_tag","embeddable":true,"href":"https:\/\/lorenalupu.com\/blog\/wp-json\/wp\/v2\/tags?post=28646"}],"curies":[{"name":"wp","href":"https:\/\/api.w.org\/{rel}","templated":true}]}}