{"id":28768,"date":"2025-11-10T11:43:30","date_gmt":"2025-11-10T08:43:30","guid":{"rendered":"https:\/\/lorenalupu.com\/blog\/?p=28768"},"modified":"2025-11-10T11:43:34","modified_gmt":"2025-11-10T08:43:34","slug":"inca-un-femicid-in-fata-copilului","status":"publish","type":"post","link":"https:\/\/lorenalupu.com\/blog\/inca-un-femicid-in-fata-copilului\/","title":{"rendered":"\u00cenc\u0103 un femicid \u00een fa\u021ba copilului"},"content":{"rendered":"\n<p>O chema Mihaela.  Avea 25 de ani \u0219i un b\u0103ie\u021bel de 3 ani. Locuia \u00een comuna Beciu, jude\u021bul Teleorman. \u0218i c\u0103ra dup\u0103 sine un bagaj: o c\u0103s\u0103torie oribil\u0103, urmat\u0103 de un divor\u021b, \u0219i un fost so\u021b care nu \u00eenceta s-o terorizeze, s-o amenin\u021be pe ea, pe p\u0103rin\u021bii ei, \u0219i la un moment dat chiar a luat-o pe sus \u0219i a violat-o. Dup\u0103 cum arat\u0103 interminabilul \u0219ir de pl\u00e2ngeri depuse pe numele agresorului, ignorate cu des\u0103v\u00e2r\u0219ire de oamenii legii din jude\u021bul lui Dragnea. <\/p>\n\n\n\n<p>S\u00e2mb\u0103t\u0103, \u00een jurul orei 18, femeia se deplasa pe strad\u0103, cu copilul \u00een bra\u021be, c\u00e2nd individul a interpelat-o, apoi a \u00eenjunghiat-o mortal. Insist, cu copilul \u00een bra\u021be. O mi\u0219care brusc\u0103 \u0219i ar fi pus \u00een pericol \u0219i via\u021ba copilului. A propriului copil. Pe care \u00eel faci martor la decesul mamei, \u0219i \u00eel la\u0219i f\u0103r\u0103 sprijin parental, pentru c\u0103 e clar c\u0103 tu dispari ani buni la r\u0103coare. Condamnare pe via\u021b\u0103, cum o cere ministrul Radu Marinescu. <\/p>\n\n\n\n<p>Trendul \u0103sta, al mamelor ucise \u00een fa\u021ba propriilor copii de c\u0103tre ta\u021bi l-am descris \u00een alt articol. Lipsa absolut\u0103 de compasiune \u0219i de considerare pentru viitorul fiilor \u0219i fiicelor mi se pare la fel de \u00eengrozitoare ca \u0219i actul de a lua via\u021ba unei femei, doar pentru c\u0103 nu mai dore\u0219te s\u0103 fie cu tine. Sadismul de a-i traumatiza pe copila\u0219i la v\u00e2rste fragede, for\u021b\u00e2ndu-i s\u0103 asiste \u00eendeaproape la decesul fiin\u021bei pe care o iubesc cel mai mult pe lume \u0219i de care au cea mai mare nevoie e de o atrocitate absolut\u0103. <\/p>\n\n\n\n<p>Eu nu a\u0219 vrea \u00eenchisoare pe via\u021b\u0103 pentru astfel de indivizi, pentru c\u0103 nu mi se pare corect ca noi s\u0103 pl\u0103tim oceane de taxe care s\u0103 fie investite \u00een a hr\u0103ni \u0219i caza gratuit astfel de mon\u0219tri. Odat\u0103 ce iei via\u021ba unui om \u0219i nu \u00ee\u021bi pas\u0103 c\u0103 \u00ee\u021bi traumatizezi propriul copil, e clar c\u0103 nu exist\u0103 nicio \u0219ans\u0103 de recuperare pentru tine. E\u0219ti cea mai tic\u0103loas\u0103 form\u0103 de via\u021b\u0103 \u0219i singura solu\u021bie \u00een cazul t\u0103u e condamnarea la moarte. <\/p>\n\n\n\n<p>E minunat faptul c\u0103 discut\u0103m despre violen\u021ba domestic\u0103 \u0219i c\u0103 exist\u0103 acest cuv\u00e2nt nou, femicid, special pentru a descrie aceste cazuri de crime, care, \u00eenainte, erau m\u0103turate sistematic sub pre\u0219. Dar cum o arat\u0103 cazul inspectoratului de poli\u021bie Teleorman, un individ te poate teroriza dup\u0103 pofta inimii, te poate viola, \u0219i nimeni nu ridic\u0103 un deget. Crima putea fi prevenit\u0103 dac\u0103 autorit\u0103\u021bile locale ac\u021bionau din timp. <\/p>\n\n\n\n<p>Da, individul merit\u0103 pedepsit: dar o parte din organele locale ar merita puse sub acuza\u021bie pentru complicitate. S\u0103 ignori o astfel de situa\u021bie, s\u0103 nu iei m\u0103suri, de\u0219i ea se agraveaz\u0103 sub ochii t\u0103i, \u00eenseamn\u0103 s\u0103 fii complice. \u0218i e normal ca indivizii de acest tip s\u0103 cu\u021biteze femei \u00een plin\u0103 strad\u0103 la ora 18, c\u00e2nd protec\u021bia binevoitoare a poli\u021bi\u0219tilor \u00eei tot salveaz\u0103 de consecin\u021be. <\/p>\n\n\n\n<p>Ce se \u00eent\u00e2mpl\u0103 cu toate proiectele de lege menite s\u0103 protejeze via\u021ba \u0219i siguran\u021ba femeii, despre care se tot discut\u0103 steril \u0219i neproductiv, \u00een timp ce femeile sunt ucise pe str\u0103zi? <\/p>\n\n\n\n<p>***<\/p>\n\n\n\n<p>Dac\u0103 \u021bi-a pl\u0103cut articolul, arat\u0103-\u021bi sus\u021binerea cu o dona\u021bie.<\/p>\n\n\n\n<figure class=\"wp-block-image\"><a href=\"https:\/\/www.paypal.com\/paypalme\/Trollywood\"><img loading=\"lazy\" decoding=\"async\" width=\"250\" height=\"82\" src=\"https:\/\/i0.wp.com\/lorenalupu.com\/blog\/wp-content\/uploads\/2024\/01\/paypal-.jpg?w=700&amp;ssl=1\" alt=\"\" class=\"wp-image-25884\" srcset=\"https:\/\/i0.wp.com\/lorenalupu.com\/blog\/wp-content\/uploads\/2024\/01\/paypal-.jpg?w=250&amp;ssl=1 250w, https:\/\/i0.wp.com\/lorenalupu.com\/blog\/wp-content\/uploads\/2024\/01\/paypal-.jpg?resize=150%2C49&amp;ssl=1 150w\" sizes=\"auto, (max-width: 250px) 100vw, 250px\" \/><\/a><\/figure>\n\n\n\n<p>***<\/p>\n\n\n\n<p>Vrei s\u0103 m\u0103 urm\u0103re\u015fti \u00een social media? \u00cemi po\u0163i da follow pe&nbsp;<a href=\"https:\/\/www.facebook.com\/lorenaalmighty\/\"><strong>Facebook<\/strong><\/a>&nbsp;\u015fi&nbsp;<strong><a href=\"https:\/\/www.instagram.com\/lorena.lup\/\">Instagram<\/a><\/strong>, subscribe pe&nbsp;<strong><a href=\"https:\/\/www.youtube.com\/channel\/UCCHBtHi6S2GlUFqETH70cjQ\">YouTube<\/a><\/strong>&nbsp;\u015fi pe<strong><a href=\"https:\/\/www.tiktok.com\/@lorena.lupu\">&nbsp;TikTok<\/a><\/strong>.<\/p>\n\n\n\n<p>Foto: <a href=\"https:\/\/pixabay.com\/users\/reidy68-208937\/?utm_source=link-attribution&amp;utm_medium=referral&amp;utm_campaign=image&amp;utm_content=2708380\">Richard Reid<\/a>\/<a href=\"https:\/\/pixabay.com\/\/?utm_source=link-attribution&amp;utm_medium=referral&amp;utm_campaign=image&amp;utm_content=2708380\">Pixabay<\/a><\/p>\n","protected":false},"excerpt":{"rendered":"<p>O chema Mihaela. Avea 25 de ani \u0219i un b\u0103ie\u021bel de 3 ani. Locuia \u00een comuna Beciu, jude\u021bul Teleorman. \u0218i c\u0103ra dup\u0103 sine un&#46;&#46;&#46;<\/p>\n","protected":false},"author":2,"featured_media":28769,"comment_status":"open","ping_status":"open","sticky":false,"template":"","format":"standard","meta":{"jetpack_post_was_ever_published":false,"_jetpack_newsletter_access":"","_jetpack_dont_email_post_to_subs":false,"_jetpack_newsletter_tier_id":0,"_jetpack_memberships_contains_paywalled_content":false,"_jetpack_memberships_contains_paid_content":false,"footnotes":"","jetpack_publicize_message":"","jetpack_publicize_feature_enabled":true,"jetpack_social_post_already_shared":true,"jetpack_social_options":{"image_generator_settings":{"template":"highway","default_image_id":0,"font":"","enabled":false},"version":2}},"categories":[1],"tags":[],"class_list":["post-28768","post","type-post","status-publish","format-standard","has-post-thumbnail","hentry","category-spicy"],"jetpack_publicize_connections":[],"jetpack_featured_media_url":"https:\/\/i0.wp.com\/lorenalupu.com\/blog\/wp-content\/uploads\/2025\/11\/crying-baby.jpg?fit=640%2C451&ssl=1","jetpack_sharing_enabled":true,"jetpack_likes_enabled":true,"_links":{"self":[{"href":"https:\/\/lorenalupu.com\/blog\/wp-json\/wp\/v2\/posts\/28768","targetHints":{"allow":["GET"]}}],"collection":[{"href":"https:\/\/lorenalupu.com\/blog\/wp-json\/wp\/v2\/posts"}],"about":[{"href":"https:\/\/lorenalupu.com\/blog\/wp-json\/wp\/v2\/types\/post"}],"author":[{"embeddable":true,"href":"https:\/\/lorenalupu.com\/blog\/wp-json\/wp\/v2\/users\/2"}],"replies":[{"embeddable":true,"href":"https:\/\/lorenalupu.com\/blog\/wp-json\/wp\/v2\/comments?post=28768"}],"version-history":[{"count":1,"href":"https:\/\/lorenalupu.com\/blog\/wp-json\/wp\/v2\/posts\/28768\/revisions"}],"predecessor-version":[{"id":28770,"href":"https:\/\/lorenalupu.com\/blog\/wp-json\/wp\/v2\/posts\/28768\/revisions\/28770"}],"wp:featuredmedia":[{"embeddable":true,"href":"https:\/\/lorenalupu.com\/blog\/wp-json\/wp\/v2\/media\/28769"}],"wp:attachment":[{"href":"https:\/\/lorenalupu.com\/blog\/wp-json\/wp\/v2\/media?parent=28768"}],"wp:term":[{"taxonomy":"category","embeddable":true,"href":"https:\/\/lorenalupu.com\/blog\/wp-json\/wp\/v2\/categories?post=28768"},{"taxonomy":"post_tag","embeddable":true,"href":"https:\/\/lorenalupu.com\/blog\/wp-json\/wp\/v2\/tags?post=28768"}],"curies":[{"name":"wp","href":"https:\/\/api.w.org\/{rel}","templated":true}]}}