{"id":29411,"date":"2026-04-28T11:03:51","date_gmt":"2026-04-28T08:03:51","guid":{"rendered":"https:\/\/lorenalupu.com\/blog\/?p=29411"},"modified":"2026-04-28T11:03:54","modified_gmt":"2026-04-28T08:03:54","slug":"imi-pare-rau-domnule-bolojan","status":"publish","type":"post","link":"https:\/\/lorenalupu.com\/blog\/imi-pare-rau-domnule-bolojan\/","title":{"rendered":"\u00cemi pare r\u0103u, domnule Bolojan"},"content":{"rendered":"\n<p>Cu marea dragoste n\u0103scut\u0103 brusc \u00eentre AUR cel \u201dantisistem\u201d \u0219i PSD, care e t\u0103tucul sistemului, viitorul sun\u0103 crunt. Nu pentru mine personal. Mama a fost unguroaic\u0103, \u0219tiu limba maghiar\u0103, pot cere oric\u00e2nd cet\u0103\u021benie maghiar\u0103 \u0219i s-o iau de la zero la Budapesta. Acum au guvern proeuropean, m\u0103car nu m\u0103 amenin\u021b\u0103 nimeni cu moartea pentru opinii politice incomode. <\/p>\n\n\n\n<p>Dar \u00eemi pare r\u0103u de \u021bara asta, c\u0103 imbecilii care o populeaz\u0103 pun botul la propagand\u0103 ca m\u00e2\u021ba la sm\u00e2nt\u00e2n\u0103, cred toate minciunile \u0219i c\u0103 asta ne va for\u021ba s\u0103 trecem, cel mai probabil, printr-o guvernare PSD + AUR, s\u0103 \u00eenceap\u0103 cu t\u00e2mpeniile extremiste \u0219i s\u0103 se taie banii europeni, s\u0103 facem ni\u0219te ani de foame crunt\u0103 \u0219i ne revenim lent la realitate: avem doar c\u00e2t producem \u0219i dac\u0103 nu asigur\u0103m un climat favorabil investitorilor interni sau externi, nu vor fi bani de ajutoare sociale, pensii \u0219i restul beneficiilor de stat, \u0219i to\u021bi mo\u0219ii care \u00eemi povestesc \u00een sec\u021biunea de comentarii cum ar trebui s\u0103 le s** eu p*** (brrr, mai bine fac jur\u0103m\u00e2nt de castitate pe tot restul vie\u021bii) o vor s*** ei ca pe ultima suflare. <\/p>\n\n\n\n<p>Un semn c\u0103 Simion e de o rea voin\u021b\u0103 feroce e \u00eensu\u0219i faptul c\u0103 denigreaz\u0103 t\u0103ierile efectuate de Bolojan. Avem un deficit uria\u0219, datorii enorme \u0219i dob\u00e2nzi absurde. ACEASTA E REALITATEA. Alt\u0103 solu\u021bie dec\u00e2t t\u0103ierile NU exist\u0103, indiferent cine vine la guvernare. NU, nu \u00eemi plac m\u0103ririle de impozite. Mul\u021bi donatori ai siteului au disp\u0103rut din lips\u0103 de bani, multe campanii publicitare au disp\u0103rut din lips\u0103 de bani. Veniturile mi s-au \u00eenjum\u0103t\u0103\u021bit. Dar e un pas realist \u00een aceast\u0103 situa\u021bie economic\u0103, \u0219i un om de bun\u0103 credin\u021b\u0103 nu poate spune dec\u00e2t: \u00cen\u021beleg, a\u0219a merg treburile acum. <\/p>\n\n\n\n<p>Instabilitatea \u00een care ne arunc\u0103 PSD \u0219i AUR cu mo\u021biunea lor de cenzur\u0103 nu face dec\u00e2t s\u0103 prelungeasc\u0103 travaliul dezastrului economic \u0219i s\u0103 ri\u0219te al\u021bi bani europeni nerambursabili. Dar tot ei au tupeul s\u0103 pretind\u0103 c\u0103 o fac pentru binele poporului \u0219i, halucinant, 40% din pro\u0219ti \u00eei cred. <\/p>\n\n\n\n<p>Pentru binele poporului ar fi fost ca to\u021bi \u201db\u0103ie\u021bii de\u0219tep\u021bi\u201d c\u0103rora le pericliteaz\u0103 Bolojan privilegiile s\u0103 renun\u021be benevol la \u0219p\u0103gi \u0219i beneficii, ca parte a sacrificiului colectiv. Dar n-ai s\u0103 vezi asta. Nu i-ai v\u0103zut pe PSD opun\u00e2ndu-se t\u0103ierilor care au vizat cet\u0103\u021beanul. I-a bu\u0219it brusc grija de popor c\u00e2nd t\u0103ierile au urcat la nivelul celor cu privilegii. <\/p>\n\n\n\n<p>Nimeni, p\u00e2n\u0103 la Bolojan, nu a \u00eencercat s\u0103 reformeze cercuri de influen\u021b\u0103 care c\u0103pu\u0219eaz\u0103 bugetul. De aceea s-a umflat t\u0103r\u00e2\u021ba \u0219i \u00een ho\u021bi, \u0219i \u00een pro\u0219ti. A\u0219a, brusc. <\/p>\n\n\n\n<p>Dac\u0103 AUR era cu adev\u0103rat antisistem, ar fi salutat cu entuziasm \u00eencerc\u0103rile de reform\u0103 a pensiilor nesim\u021bite, a g\u0103\u0219tilor din electricitate, a mafiei lemnului. Dar nu. Au gui\u021bat cu furie, de zici c\u0103 le t\u0103iai o m\u00e2n\u0103. <\/p>\n\n\n\n<p>\u00cemi pare r\u0103u, domnule Bolojan, sunte\u021bi un ardelean naiv \u0219i de bun\u0103 credin\u021b\u0103. A\u021bi citit c\u0103 gigeii vor schimbare \u0219i a\u021bi crezut c\u0103 asta \u00eenseamn\u0103 c\u0103 e cazul s\u0103 crea\u021bi bazele unei democra\u021bii reale \u0219i s\u0103 elimina\u021bi corup\u021bia. \u00cen realitate, gigeii se refereau doar la faptul c\u0103 vor s\u0103 schimbe ho\u021bul, s\u0103 mai fure \u0219i ei ceva. <\/p>\n\n\n\n<p>Ave\u021bi tot respectul \u0219i votul meu viitor, indiferent pentru ce func\u021bie candida\u021bi. Dar eu sunt un om din 18 milioane. At\u00e2t am, at\u00e2t v\u0103 ofer. <\/p>\n\n\n\n<p>**<\/p>\n\n\n\n<p>Dac\u0103 \u00ee\u021bi place ceea ce cite\u0219ti, inspir\u0103-m\u0103 cu o cafea.<\/p>\n\n\n\n<figure class=\"wp-block-image\"><a href=\"https:\/\/www.paypal.com\/paypalme\/Trollywood\"><img loading=\"lazy\" decoding=\"async\" width=\"250\" height=\"82\" src=\"https:\/\/i0.wp.com\/lorenalupu.com\/blog\/wp-content\/uploads\/2024\/01\/paypal-.jpg?w=700&amp;ssl=1\" alt=\"\" class=\"wp-image-25884\" srcset=\"https:\/\/i0.wp.com\/lorenalupu.com\/blog\/wp-content\/uploads\/2024\/01\/paypal-.jpg?w=250&amp;ssl=1 250w, https:\/\/i0.wp.com\/lorenalupu.com\/blog\/wp-content\/uploads\/2024\/01\/paypal-.jpg?resize=150%2C49&amp;ssl=1 150w\" sizes=\"auto, (max-width: 250px) 100vw, 250px\" \/><\/a><\/figure>\n\n\n\n<p>***<\/p>\n\n\n\n<p>Vrei s\u0103 m\u0103 urm\u0103re\u015fti \u00een social media? \u00cemi po\u0163i da follow pe&nbsp;<a href=\"https:\/\/www.facebook.com\/lorenaalmighty\/\"><strong>Facebook<\/strong><\/a>&nbsp;\u015fi&nbsp;<strong><a href=\"https:\/\/www.instagram.com\/lorena.lup\/\">Instagram<\/a><\/strong>, subscribe pe&nbsp;<strong><a href=\"https:\/\/www.youtube.com\/channel\/UCCHBtHi6S2GlUFqETH70cjQ\">YouTube<\/a><\/strong>&nbsp;\u015fi pe<strong><a href=\"https:\/\/www.tiktok.com\/@lorena.lupu\">&nbsp;TikTok<\/a><\/strong>.<\/p>\n\n\n\n<p><\/p>\n","protected":false},"excerpt":{"rendered":"<p>Cu marea dragoste n\u0103scut\u0103 brusc \u00eentre AUR cel \u201dantisistem\u201d \u0219i PSD, care e t\u0103tucul sistemului, viitorul sun\u0103 crunt. Nu pentru mine personal. Mama a&#46;&#46;&#46;<\/p>\n","protected":false},"author":2,"featured_media":28514,"comment_status":"open","ping_status":"open","sticky":false,"template":"","format":"standard","meta":{"jetpack_post_was_ever_published":false,"_jetpack_newsletter_access":"","_jetpack_dont_email_post_to_subs":false,"_jetpack_newsletter_tier_id":0,"_jetpack_memberships_contains_paywalled_content":false,"_jetpack_memberships_contains_paid_content":false,"footnotes":"","jetpack_publicize_message":"","jetpack_publicize_feature_enabled":true,"jetpack_social_post_already_shared":true,"jetpack_social_options":{"image_generator_settings":{"template":"highway","default_image_id":0,"font":"","enabled":false},"version":2}},"categories":[1],"tags":[],"class_list":["post-29411","post","type-post","status-publish","format-standard","has-post-thumbnail","hentry","category-spicy"],"jetpack_publicize_connections":[],"jetpack_featured_media_url":"https:\/\/i0.wp.com\/lorenalupu.com\/blog\/wp-content\/uploads\/2025\/09\/ilie-bolojan.jpg?fit=1920%2C1080&ssl=1","jetpack_sharing_enabled":true,"jetpack_likes_enabled":true,"_links":{"self":[{"href":"https:\/\/lorenalupu.com\/blog\/wp-json\/wp\/v2\/posts\/29411","targetHints":{"allow":["GET"]}}],"collection":[{"href":"https:\/\/lorenalupu.com\/blog\/wp-json\/wp\/v2\/posts"}],"about":[{"href":"https:\/\/lorenalupu.com\/blog\/wp-json\/wp\/v2\/types\/post"}],"author":[{"embeddable":true,"href":"https:\/\/lorenalupu.com\/blog\/wp-json\/wp\/v2\/users\/2"}],"replies":[{"embeddable":true,"href":"https:\/\/lorenalupu.com\/blog\/wp-json\/wp\/v2\/comments?post=29411"}],"version-history":[{"count":1,"href":"https:\/\/lorenalupu.com\/blog\/wp-json\/wp\/v2\/posts\/29411\/revisions"}],"predecessor-version":[{"id":29412,"href":"https:\/\/lorenalupu.com\/blog\/wp-json\/wp\/v2\/posts\/29411\/revisions\/29412"}],"wp:featuredmedia":[{"embeddable":true,"href":"https:\/\/lorenalupu.com\/blog\/wp-json\/wp\/v2\/media\/28514"}],"wp:attachment":[{"href":"https:\/\/lorenalupu.com\/blog\/wp-json\/wp\/v2\/media?parent=29411"}],"wp:term":[{"taxonomy":"category","embeddable":true,"href":"https:\/\/lorenalupu.com\/blog\/wp-json\/wp\/v2\/categories?post=29411"},{"taxonomy":"post_tag","embeddable":true,"href":"https:\/\/lorenalupu.com\/blog\/wp-json\/wp\/v2\/tags?post=29411"}],"curies":[{"name":"wp","href":"https:\/\/api.w.org\/{rel}","templated":true}]}}