{"id":43,"date":"2008-01-01T16:52:57","date_gmt":"2008-01-01T13:52:57","guid":{"rendered":"http:\/\/lorenalupu.wordpress.com\/2008\/01\/01\/la-poarta-lui-2008\/"},"modified":"2008-01-01T16:52:57","modified_gmt":"2008-01-01T13:52:57","slug":"la-poarta-lui-2008","status":"publish","type":"post","link":"https:\/\/lorenalupu.com\/blog\/la-poarta-lui-2008\/","title":{"rendered":"La poarta lui 2008"},"content":{"rendered":"<p>De c\u00e2nd m\u0103 \u015ftiu, intrarea fericit\u0103 \u00een Noul An e dirijat\u0103 de bagheta care conduce cu m\u0103nu\u015f\u0103 de catifea Orchestra Filarmonicii din Viena.<\/p>\n<p>C\u00e2nd eram copil, admiram m\u0103re\u0163ia s\u0103lii, elegan\u0163a vestimenta\u0163iei publicului, splendoarea aranjamentelor florale \u015fi imaginile magnifice din Palat. Erau lucruri pe care nu le vedeam \u00een via\u0163a mea plictisitoare, printre blocuri gri, \u015fi la care t\u00e2njeam.<\/p>\n<p>La asta, s-a ad\u0103ugat \u00een timp dragostea mea pentru muzica juc\u0103u\u015f\u0103, vesel\u0103 \u015fi spumoas\u0103 a Strau\u015filor &#8211; \u00eentotdeauna mi s-a p\u0103rut c\u0103 aceasta e echivalentul muzical al \u015fampaniei.<\/p>\n<p>Iubesc stema habsburgic\u0103, iubesc caii albi, magnifici, care danseaz\u0103 cu at\u00e2ta gra\u0163ie, iubesc oglinzile imense \u015fi perdelele de catifea. Asezonate cu polci \u015fi valsuri. \u015ei cu \u00eenc\u0103rc\u0103tura emo\u0163ional\u0103 a maturiz\u0103rii mele treptate.<\/p>\n<div class=\"video-container\"><span class=\"embed-youtube\" style=\"text-align:center; display: block;\"><iframe loading=\"lazy\" class=\"youtube-player\" width=\"700\" height=\"394\" src=\"https:\/\/www.youtube.com\/embed\/r0VUXLsBSjo?version=3&#038;rel=1&#038;showsearch=0&#038;showinfo=1&#038;iv_load_policy=1&#038;fs=1&#038;hl=en-US&#038;autohide=2&#038;wmode=transparent\" allowfullscreen=\"true\" style=\"border:0;\" sandbox=\"allow-scripts allow-same-origin allow-popups allow-presentation allow-popups-to-escape-sandbox\"><\/iframe><\/span><\/div>\n<p>Dun\u0103rea albastr\u0103, 2005.<\/p>\n","protected":false},"excerpt":{"rendered":"<p>De c\u00e2nd m\u0103 \u015ftiu, intrarea fericit\u0103 \u00een Noul An e dirijat\u0103 de bagheta care conduce cu m\u0103nu\u015f\u0103 de catifea Orchestra Filarmonicii din Viena. C\u00e2nd&#46;&#46;&#46;<\/p>\n","protected":false},"author":2,"featured_media":0,"comment_status":"open","ping_status":"open","sticky":false,"template":"","format":"standard","meta":{"jetpack_post_was_ever_published":false,"_jetpack_newsletter_access":"","_jetpack_dont_email_post_to_subs":false,"_jetpack_newsletter_tier_id":0,"_jetpack_memberships_contains_paywalled_content":false,"_jetpack_memberships_contains_paid_content":false,"footnotes":"","jetpack_publicize_message":"","jetpack_publicize_feature_enabled":true,"jetpack_social_post_already_shared":false,"jetpack_social_options":{"image_generator_settings":{"template":"highway","default_image_id":0,"font":"","enabled":false},"version":2}},"categories":[1],"tags":[107,362],"class_list":["post-43","post","type-post","status-publish","format-standard","hentry","category-spicy","tag-concert","tag-vienna"],"jetpack_publicize_connections":[],"jetpack_featured_media_url":"","jetpack_sharing_enabled":true,"jetpack_likes_enabled":true,"_links":{"self":[{"href":"https:\/\/lorenalupu.com\/blog\/wp-json\/wp\/v2\/posts\/43","targetHints":{"allow":["GET"]}}],"collection":[{"href":"https:\/\/lorenalupu.com\/blog\/wp-json\/wp\/v2\/posts"}],"about":[{"href":"https:\/\/lorenalupu.com\/blog\/wp-json\/wp\/v2\/types\/post"}],"author":[{"embeddable":true,"href":"https:\/\/lorenalupu.com\/blog\/wp-json\/wp\/v2\/users\/2"}],"replies":[{"embeddable":true,"href":"https:\/\/lorenalupu.com\/blog\/wp-json\/wp\/v2\/comments?post=43"}],"version-history":[{"count":0,"href":"https:\/\/lorenalupu.com\/blog\/wp-json\/wp\/v2\/posts\/43\/revisions"}],"wp:attachment":[{"href":"https:\/\/lorenalupu.com\/blog\/wp-json\/wp\/v2\/media?parent=43"}],"wp:term":[{"taxonomy":"category","embeddable":true,"href":"https:\/\/lorenalupu.com\/blog\/wp-json\/wp\/v2\/categories?post=43"},{"taxonomy":"post_tag","embeddable":true,"href":"https:\/\/lorenalupu.com\/blog\/wp-json\/wp\/v2\/tags?post=43"}],"curies":[{"name":"wp","href":"https:\/\/api.w.org\/{rel}","templated":true}]}}