{"id":9496,"date":"2015-06-03T05:02:41","date_gmt":"2015-06-03T05:02:41","guid":{"rendered":"http:\/\/lorenalupu.com\/blog\/?p=9496"},"modified":"2015-06-03T05:02:41","modified_gmt":"2015-06-03T05:02:41","slug":"neocomunismul-zilelor-noastre","status":"publish","type":"post","link":"https:\/\/lorenalupu.com\/blog\/neocomunismul-zilelor-noastre\/","title":{"rendered":"Neocomunismul zilelor noastre"},"content":{"rendered":"<p>Cei care a\u0163i prins c\u00e2\u0163iva ani de Ceau\u015fescu v\u0103 aduce\u0163i aminte de teroarea rece, sufocant\u0103, care \u00ee\u0163i contura broboane de transpira\u0163ie \u00een jurul gurii de c\u00e2te ori sc\u0103pai un &#8220;porumbel&#8221; pe gur\u0103. Adic\u0103, o p\u0103rere neconcordant\u0103 cu doctrina. Principala caracteristic\u0103 a dictaturii comuniste era c\u0103 omul era pus la zid, executat, lin\u015fat, agresat, pedepsit pentru simple cuvinte. <\/p>\n<p>Azi, gra\u0163ie pl\u0103cerii sadice a oamenilor de a ar\u0103ta cu degetul \u015fi de a acuza pe nimic, \u0163i-e groaz\u0103 s\u0103 emi\u0163i o p\u0103rere incorect\u0103 politic. E la mod\u0103 s\u0103 vrei s\u0103 salvezi \u015foc\u00e2tele dungat? S\u0103 nu dea dracu&#8217; s\u0103 postezi ceva de genul: &#8220;Sincer, prieteni, m\u0103 doare-n cur de \u015foc\u00e2tele dungat&#8221; sau &#8220;Din punctul meu de vedere, \u015foc\u00e2tele dungat e identic cu un \u015fobolan obi\u015fnuit&#8221;, c\u0103 ai c\u0103cat b\u0103\u0163ul suprem. Toate muile din univers se vor \u00eendrepta spre sufletul t\u0103u, exact ca-n graficele cu spermatozoizii \u015fi ovulul. <\/p>\n<p>\u015ei preponderent din partea oamenilor care nu fac nici ei nimic pentru \u015foc\u00e2tele dungat, dar \u00ee\u015fi fac un titlu de glorie din a ur\u00ee pe al\u0163ii. <\/p>\n<p>***<\/p>\n<p>Eu, una, \u00eenc\u0103 v\u0103d democra\u0163ia ca pe dreptul omului de a fi st\u0103p\u00e2nul propriei opinii. Adic\u0103, mie poate s\u0103-mi pese foarte tare de salvarea V\u0103mii Vechi, iar \u0163ie, absolut deloc. \u015ei nu e cazul nici s\u0103 vii tu s\u0103 ragi la mine binecunoscutul &#8220;de banii \u0103ia cre\u015fteai ni\u015fte orfani&#8221; pentru c\u0103 nu te apas\u0103 grija de ce f\u0103ceam \u015fi ce nu f\u0103ceam eu din munca mea solicitant\u0103 \u015fi nu \u00eentotdeauna bine pl\u0103tit\u0103, \u015fi nici eu s\u0103 rag la tine c\u0103 dac\u0103 nu-\u0163i pas\u0103 de salvarea v\u0103mii vechi e\u015fti o curv\u0103 f\u0103r\u0103 inim\u0103 \u015fi o s\u0103 ai ghinion pentru urm\u0103toarele \u015fapte genera\u0163ii. <\/p>\n<p>Pe scurt, nu v\u0103d rostul urlatului la al\u0163ii pentru p\u0103rerile lor, oric\u00e2t ar fi de obraznice \u015fi de incorecte politic. Simt un impuls s\u0103 m\u0103 iau de cap, de exemplu, c\u00e2nd v\u0103d lume din list\u0103 c\u0103 o arde mai dacic dec\u00e2t zece Dan Purici la un loc, dar m\u0103 calmez repede cu un &#8220;Nu o ard dacic pe banii t\u0103i, ci pe banii lor. \u00centr-o lume liber\u0103.&#8221; <\/p>\n<p>De c\u00e2te ori s\u0103ri\u0163i la un om \u015fi \u00eel l\u0103tra\u0163i cu spume pentru un crez personal, f\u0103r\u0103 ca el s\u0103 fi avut preten\u0163ia c\u0103 e universal valabil \u015fi f\u0103r\u0103 s\u0103 fi \u00eencercat s\u0103 vi-l bage pe g\u00e2t, aminti\u0163i-v\u0103 de securi\u015ftii care veneau s\u0103 te salte pe fix acela\u015fi motiv. Apoi, be\u0163i un pahar de ap\u0103 rece \u015fi g\u00e2ndi\u0163i ra\u0163ional. O s\u0103-\u0163i pese \u0163ie mai pu\u0163in de \u015foc\u00e2tele dungat dac\u0103 am scris eu c\u0103 m\u0103 doare-n cur de el? Probabil c\u0103 nu. <\/p>\n<p>\u015ei atunci, dec\u00e2t s\u0103 \u00eencerci, prin injurii \u015fi presiune, s\u0103 m\u0103 converte\u015fti la iubirea \u015foc\u00e2telui dungat, nu mai bine te asociezi cu al\u0163i zece ca tine \u015fi organizezi o ac\u0163iune concret\u0103 de salvat \u015foc\u00e2\u0163i dunga\u0163i? <\/p>\n","protected":false},"excerpt":{"rendered":"<p>Cei care a\u0163i prins c\u00e2\u0163iva ani de Ceau\u015fescu v\u0103 aduce\u0163i aminte de teroarea rece, sufocant\u0103, care \u00ee\u0163i contura broboane de transpira\u0163ie \u00een jurul gurii&#46;&#46;&#46;<\/p>\n","protected":false},"author":2,"featured_media":9497,"comment_status":"open","ping_status":"open","sticky":false,"template":"","format":"standard","meta":{"jetpack_post_was_ever_published":false,"_jetpack_newsletter_access":"","_jetpack_dont_email_post_to_subs":false,"_jetpack_newsletter_tier_id":0,"_jetpack_memberships_contains_paywalled_content":false,"_jetpack_memberships_contains_paid_content":false,"footnotes":"","jetpack_publicize_message":"","jetpack_publicize_feature_enabled":true,"jetpack_social_post_already_shared":true,"jetpack_social_options":{"image_generator_settings":{"template":"highway","default_image_id":0,"font":"","enabled":false},"version":2}},"categories":[1],"tags":[],"class_list":["post-9496","post","type-post","status-publish","format-standard","has-post-thumbnail","hentry","category-spicy"],"jetpack_publicize_connections":[],"jetpack_featured_media_url":"https:\/\/i0.wp.com\/lorenalupu.com\/blog\/wp-content\/uploads\/2015\/06\/Opinion.jpg?fit=470%2C450&ssl=1","jetpack_sharing_enabled":true,"jetpack_likes_enabled":true,"_links":{"self":[{"href":"https:\/\/lorenalupu.com\/blog\/wp-json\/wp\/v2\/posts\/9496","targetHints":{"allow":["GET"]}}],"collection":[{"href":"https:\/\/lorenalupu.com\/blog\/wp-json\/wp\/v2\/posts"}],"about":[{"href":"https:\/\/lorenalupu.com\/blog\/wp-json\/wp\/v2\/types\/post"}],"author":[{"embeddable":true,"href":"https:\/\/lorenalupu.com\/blog\/wp-json\/wp\/v2\/users\/2"}],"replies":[{"embeddable":true,"href":"https:\/\/lorenalupu.com\/blog\/wp-json\/wp\/v2\/comments?post=9496"}],"version-history":[{"count":1,"href":"https:\/\/lorenalupu.com\/blog\/wp-json\/wp\/v2\/posts\/9496\/revisions"}],"predecessor-version":[{"id":9498,"href":"https:\/\/lorenalupu.com\/blog\/wp-json\/wp\/v2\/posts\/9496\/revisions\/9498"}],"wp:featuredmedia":[{"embeddable":true,"href":"https:\/\/lorenalupu.com\/blog\/wp-json\/wp\/v2\/media\/9497"}],"wp:attachment":[{"href":"https:\/\/lorenalupu.com\/blog\/wp-json\/wp\/v2\/media?parent=9496"}],"wp:term":[{"taxonomy":"category","embeddable":true,"href":"https:\/\/lorenalupu.com\/blog\/wp-json\/wp\/v2\/categories?post=9496"},{"taxonomy":"post_tag","embeddable":true,"href":"https:\/\/lorenalupu.com\/blog\/wp-json\/wp\/v2\/tags?post=9496"}],"curies":[{"name":"wp","href":"https:\/\/api.w.org\/{rel}","templated":true}]}}